{"id":25467,"date":"2020-06-10T07:57:41","date_gmt":"2020-06-10T05:57:41","guid":{"rendered":"https:\/\/dev.beltafrajumar.com\/conversations-avec-vicente-gallega-designer\/"},"modified":"2025-01-30T15:07:14","modified_gmt":"2025-01-30T14:07:14","slug":"conversations-avec-vicente-gallega-designer","status":"publish","type":"post","link":"https:\/\/dev.beltafrajumar.com\/fr\/conversations-avec-vicente-gallega-designer\/","title":{"rendered":"Conversations avec Vicente Gallega &#8211; Designer"},"content":{"rendered":"<p><b>Qu&rsquo;est-ce qui vous a inspir\u00e9 pour cr\u00e9er le design de la table \u00d3lia ?<\/b><\/p>\n<p><span style=\"font-weight: 400;\">Plus qu&rsquo;une inspiration, il a travaill\u00e9 avec des pr\u00e9misses tr\u00e8s bien d\u00e9finies avant son id\u00e9ation, comme sa fonction et l&rsquo;environnement dans lequel il devrait cohabiter. <\/span><\/p>\n<p>&nbsp;<\/p>\n<h4><b>Que veut transmettre le design de la table \u00d3lia ?<\/b><\/h4>\n<p><span style=\"font-weight: 400;\">C&rsquo;\u00e9tait comme lancer un d\u00e9fi \u00e0 un meuble, je voulais qu&rsquo;il puisse transmettre des sensations comme s&rsquo;il s&rsquo;agissait d&rsquo;un objet bijou, de par la forme et les mat\u00e9riaux utilis\u00e9s dans son \u00e9laboration. <\/span><\/p>\n<p>&nbsp;<\/p>\n<h4><b>Dans quelle mesure votre personnalit\u00e9 influence-t-elle le travail ? <\/b><\/h4>\n<p><span style=\"font-weight: 400;\">J&rsquo;essaie de faire en sorte que mes cr\u00e9ations ne soient pas influenc\u00e9es par ma personnalit\u00e9, car chaque conception est diff\u00e9rente et fonctionne avec des donn\u00e9es et des pr\u00e9misses tr\u00e8s diff\u00e9rentes les unes des autres, chaque conception a donc ses propres cl\u00e9s lorsque l&rsquo;on travaille dessus. <\/span><\/p>\n<p>&nbsp;<\/p>\n<h4><b>Quel est le meilleur et le pire du m\u00e9tier de designer ? <\/b><\/h4>\n<p><span style=\"font-weight: 400;\">Le designer a la possibilit\u00e9 d&rsquo;am\u00e9liorer et de cr\u00e9er des objets qui facilitent la vie des gens, et c&rsquo;est quelque chose de tr\u00e8s satisfaisant, tout comme pouvoir transmettre des \u00e9motions et des sensations satisfaisantes avec vos cr\u00e9ations permet de r\u00e9soudre des probl\u00e8mes de toutes sortes : mobilit\u00e9, communication, planification. etc. <\/span><\/p>\n<p><span style=\"font-weight: 400;\">Le pire, en tant que designer, c&rsquo;est que l&rsquo;on se rend compte qu&rsquo;il y a beaucoup de choses \u00e0 am\u00e9liorer, mais peu d&rsquo;entreprises sont pr\u00eates \u00e0 les changer. <\/span><\/p>\n<p>&nbsp;<\/p>\n<h4><b>Si vous regardez en arri\u00e8re, en quoi le Vicente Gallega d&rsquo;aujourd&rsquo;hui est-il diff\u00e9rent du jeune designer de ses d\u00e9buts ? <\/b><\/h4>\n<p><span style=\"font-weight: 400;\">En g\u00e9n\u00e9ral, je n&rsquo;ai pas tendance \u00e0 regarder en arri\u00e8re, bien au contraire, j&rsquo;aurai s\u00fbrement chang\u00e9 dans certaines choses, on pourrait dire celui du clich\u00e9 de l&rsquo;exp\u00e9rience. Mais il y a quelque chose que je peux confirmer et qui n&rsquo;a subi aucun changement, c&rsquo;est l&rsquo;enthousiasme avec lequel j&rsquo;aborde chacun des nouveaux projets qui arrivent au studio. <\/span><\/p>\n<p>&nbsp;<\/p>\n<h4><b>Quel est le plus grand d\u00e9fi que vous ayez rencontr\u00e9 tout au long de votre carri\u00e8re ?<\/b><\/h4>\n<p><span style=\"font-weight: 400;\">A beaucoup, de fa\u00e7on continue depuis que j&rsquo;ai d\u00e9couvert ce m\u00e9tier, \u00e0 15 ans. Chaque nouveau projet est un d\u00e9fi, m\u00eame s&rsquo;il est apparemment simple, il reste complexe \u00e0 l&rsquo;int\u00e9rieur, c&rsquo;est pourquoi il est si important de planifier et de suivre les processus de conception. N&rsquo;oublions pas que le grand d\u00e9fi est d&rsquo;entrer en contact avec les personnes qui utilisent nos cr\u00e9ations, quel que soit le pays. <\/span><\/p>\n<p>&nbsp;<\/p>\n<h4><b>Quels conseils donneriez-vous aux jeunes cr\u00e9ateurs qui d\u00e9butent leur carri\u00e8re ?<\/b><\/h4>\n<p><span style=\"font-weight: 400;\">Avant tout, ils doivent \u00eatre honn\u00eates avec les mat\u00e9riaux et les objets qu&rsquo;ils vont concevoir, et ils doivent toujours se concentrer sur les personnes qui vont les utiliser, pour r\u00e9soudre un besoin fonctionnel ou esth\u00e9tique.<\/span><\/p>\n<p>&nbsp;<\/p>\n<h4><b>Un design pour lequel vous appr\u00e9ciez particuli\u00e8rement ?<\/b><\/h4>\n<p><span style=\"font-weight: 400;\">Il n&rsquo;est pas facile de nommer des designs sp\u00e9cifiques, car tous les travaux sont r\u00e9alis\u00e9s avec le plus grand soin, chacun avec sa propre personnalit\u00e9 et selon ses caract\u00e9ristiques et typologie d&rsquo;utilisation. <\/span><\/p>\n<p><span style=\"font-weight: 400;\">Depuis mon premier travail en 1982 avec le lit Mlo, Ondas&#8230; Depuis, il y a eu de nombreux travaux dont je garde de tr\u00e8s bons souvenirs, et bien s\u00fbr les cr\u00e9ations les plus r\u00e9centes comme le fauteuil Tamo, Nies ou la table \u00d3lia, de dont je suis particuli\u00e8rement satisfait. <\/span><\/p>\n<p>&nbsp;<\/p>\n<h4><b>Que doit avoir un design pour vous captiver ?<\/b><\/h4>\n<p><span style=\"font-weight: 400;\">C&rsquo;est honn\u00eate et capable de transmettre des \u00e9motions. <\/span><\/p>\n<p>&nbsp;<\/p>\n<h4><b>Si vous deviez choisir 5 mod\u00e8les sur notre site&#8230; Lesquels choisiriez-vous ?<\/b><\/h4>\n<p><span style=\"font-weight: 400;\">On pourrait en dire beaucoup, mais je m&rsquo;en tiendrai \u00e0 la table \u00d3lia, au fauteuil Tamo, \u00e0 la chaise N\u00edes, \u00e0 la table Domo et \u00e0 la collection Tempo.<\/span><\/p>\n","protected":false},"excerpt":{"rendered":"<p>Qu&rsquo;est-ce qui vous a inspir\u00e9 pour cr\u00e9er le design de la table \u00d3lia ? Plus qu&rsquo;une inspiration, il a travaill\u00e9<\/p>\n","protected":false},"author":3,"featured_media":13189,"comment_status":"closed","ping_status":"open","sticky":false,"template":"","format":"standard","meta":{"_acf_changed":false,"footnotes":""},"categories":[1752,1753,1851],"tags":[1853,2093,2092,2088,1886,2094,1925,2095,2090,2091,2089],"class_list":["post-25467","post","type-post","status-publish","format-standard","has-post-thumbnail","hentry","category-conception","category-design-dinterieur","category-entretiens","tag-conception-de-meubles","tag-conception-honnete","tag-conseils-pour-les-concepteurs","tag-conversations-fr","tag-designer-fr","tag-emotions-fr","tag-inspiration-fr","tag-satisfaction-personnelle","tag-table-olia","tag-trajectoire-professionnelle","tag-vicente-gallega-fr"],"acf":[],"yoast_head":"<!-- This site is optimized with the Yoast SEO Premium plugin v24.2 (Yoast SEO v25.3.1) - https:\/\/yoast.com\/wordpress\/plugins\/seo\/ -->\n<title>Conversations avec Vicente Gallega - Designer | Belt\u00e1 Frajumar<\/title>\n<meta name=\"description\" content=\"Vicente Gallega partage ses id\u00e9es et son exp\u00e9rience en mati\u00e8re de conception de mobilier avec une approche unique.\" \/>\n<meta name=\"robots\" content=\"noindex, follow, max-snippet:-1, max-image-preview:large, max-video-preview:-1\" \/>\n<meta property=\"og:locale\" content=\"fr_FR\" \/>\n<meta property=\"og:type\" content=\"article\" \/>\n<meta property=\"og:title\" content=\"Conversations avec Vicente Gallega - Designer\" \/>\n<meta property=\"og:description\" content=\"Vicente Gallega partage ses id\u00e9es et son exp\u00e9rience en mati\u00e8re de conception de mobilier avec une approche unique.\" \/>\n<meta property=\"og:url\" content=\"https:\/\/dev.beltafrajumar.com\/fr\/conversations-avec-vicente-gallega-designer\/\" \/>\n<meta property=\"og:site_name\" content=\"Belt\u00e1 Frajumar\" \/>\n<meta property=\"article:published_time\" content=\"2020-06-10T05:57:41+00:00\" \/>\n<meta property=\"article:modified_time\" content=\"2025-01-30T14:07:14+00:00\" \/>\n<meta property=\"og:image\" content=\"https:\/\/dev.beltafrajumar.com\/wp-content\/uploads\/2024\/04\/Conversaciones-con-Vicente-Gallega.jpg\" \/>\n\t<meta property=\"og:image:width\" content=\"1024\" \/>\n\t<meta property=\"og:image:height\" content=\"768\" \/>\n\t<meta property=\"og:image:type\" content=\"image\/jpeg\" \/>\n<meta name=\"author\" content=\"Antonio Frajumar\" \/>\n<meta name=\"twitter:card\" content=\"summary_large_image\" \/>\n<meta name=\"twitter:label1\" content=\"\u00c9crit par\" \/>\n\t<meta name=\"twitter:data1\" content=\"Antonio Frajumar\" \/>\n\t<meta name=\"twitter:label2\" content=\"Dur\u00e9e de lecture estim\u00e9e\" \/>\n\t<meta name=\"twitter:data2\" content=\"3 minutes\" \/>\n<script type=\"application\/ld+json\" class=\"yoast-schema-graph\">{\"@context\":\"https:\/\/schema.org\",\"@graph\":[{\"@type\":\"Article\",\"@id\":\"https:\/\/dev.beltafrajumar.com\/fr\/conversations-avec-vicente-gallega-designer\/#article\",\"isPartOf\":{\"@id\":\"https:\/\/dev.beltafrajumar.com\/fr\/conversations-avec-vicente-gallega-designer\/\"},\"author\":{\"name\":\"Antonio Frajumar\",\"@id\":\"https:\/\/dev.beltafrajumar.com\/fr\/#\/schema\/person\/2e82889801ebb89c99749999d455db01\"},\"headline\":\"Conversations avec Vicente Gallega &#8211; Designer\",\"datePublished\":\"2020-06-10T05:57:41+00:00\",\"dateModified\":\"2025-01-30T14:07:14+00:00\",\"mainEntityOfPage\":{\"@id\":\"https:\/\/dev.beltafrajumar.com\/fr\/conversations-avec-vicente-gallega-designer\/\"},\"wordCount\":634,\"publisher\":{\"@id\":\"https:\/\/dev.beltafrajumar.com\/fr\/#organization\"},\"image\":{\"@id\":\"https:\/\/dev.beltafrajumar.com\/fr\/conversations-avec-vicente-gallega-designer\/#primaryimage\"},\"thumbnailUrl\":\"https:\/\/dev.beltafrajumar.com\/wp-content\/uploads\/2024\/04\/Conversaciones-con-Vicente-Gallega.jpg\",\"keywords\":[\"conception de meubles\",\"Conception honn\u00eate\",\"Conseils pour les concepteurs\",\"Conversations\",\"designer\",\"\u00c9motions\",\"Inspiration\",\"Satisfaction personnelle.\",\"Table \u00d3lia\",\"Trajectoire professionnelle\",\"Vicente Gallega\"],\"articleSection\":[\"Conception\",\"Design d'int\u00e9rieur\",\"Entretiens\"],\"inLanguage\":\"fr-FR\"},{\"@type\":\"WebPage\",\"@id\":\"https:\/\/dev.beltafrajumar.com\/fr\/conversations-avec-vicente-gallega-designer\/\",\"url\":\"https:\/\/dev.beltafrajumar.com\/fr\/conversations-avec-vicente-gallega-designer\/\",\"name\":\"Conversations avec Vicente Gallega - Designer | Belt\u00e1 Frajumar\",\"isPartOf\":{\"@id\":\"https:\/\/dev.beltafrajumar.com\/fr\/#website\"},\"primaryImageOfPage\":{\"@id\":\"https:\/\/dev.beltafrajumar.com\/fr\/conversations-avec-vicente-gallega-designer\/#primaryimage\"},\"image\":{\"@id\":\"https:\/\/dev.beltafrajumar.com\/fr\/conversations-avec-vicente-gallega-designer\/#primaryimage\"},\"thumbnailUrl\":\"https:\/\/dev.beltafrajumar.com\/wp-content\/uploads\/2024\/04\/Conversaciones-con-Vicente-Gallega.jpg\",\"datePublished\":\"2020-06-10T05:57:41+00:00\",\"dateModified\":\"2025-01-30T14:07:14+00:00\",\"description\":\"Vicente Gallega partage ses id\u00e9es et son exp\u00e9rience en mati\u00e8re de conception de mobilier avec une approche unique.\",\"breadcrumb\":{\"@id\":\"https:\/\/dev.beltafrajumar.com\/fr\/conversations-avec-vicente-gallega-designer\/#breadcrumb\"},\"inLanguage\":\"fr-FR\",\"potentialAction\":[{\"@type\":\"ReadAction\",\"target\":[\"https:\/\/dev.beltafrajumar.com\/fr\/conversations-avec-vicente-gallega-designer\/\"]}]},{\"@type\":\"ImageObject\",\"inLanguage\":\"fr-FR\",\"@id\":\"https:\/\/dev.beltafrajumar.com\/fr\/conversations-avec-vicente-gallega-designer\/#primaryimage\",\"url\":\"https:\/\/dev.beltafrajumar.com\/wp-content\/uploads\/2024\/04\/Conversaciones-con-Vicente-Gallega.jpg\",\"contentUrl\":\"https:\/\/dev.beltafrajumar.com\/wp-content\/uploads\/2024\/04\/Conversaciones-con-Vicente-Gallega.jpg\",\"width\":1024,\"height\":768,\"caption\":\"Conversaciones con Vicente Gallega\"},{\"@type\":\"BreadcrumbList\",\"@id\":\"https:\/\/dev.beltafrajumar.com\/fr\/conversations-avec-vicente-gallega-designer\/#breadcrumb\",\"itemListElement\":[{\"@type\":\"ListItem\",\"position\":1,\"name\":\"Portada\",\"item\":\"https:\/\/dev.beltafrajumar.com\/fr\/\"},{\"@type\":\"ListItem\",\"position\":2,\"name\":\"Conversations avec Vicente Gallega &#8211; Designer\"}]},{\"@type\":\"WebSite\",\"@id\":\"https:\/\/dev.beltafrajumar.com\/fr\/#website\",\"url\":\"https:\/\/dev.beltafrajumar.com\/fr\/\",\"name\":\"Belt\u00e1 Frajumar\",\"description\":\"Calidad, Dise\u00f1o y Decoraci\u00f3n de Interiores en Mobiliario Hospitality y Living\",\"publisher\":{\"@id\":\"https:\/\/dev.beltafrajumar.com\/fr\/#organization\"},\"alternateName\":\"Fabricante de mobiliario Hospitality y Living\",\"potentialAction\":[{\"@type\":\"SearchAction\",\"target\":{\"@type\":\"EntryPoint\",\"urlTemplate\":\"https:\/\/dev.beltafrajumar.com\/fr\/?s={search_term_string}\"},\"query-input\":{\"@type\":\"PropertyValueSpecification\",\"valueRequired\":true,\"valueName\":\"search_term_string\"}}],\"inLanguage\":\"fr-FR\"},{\"@type\":\"Organization\",\"@id\":\"https:\/\/dev.beltafrajumar.com\/fr\/#organization\",\"name\":\"Belt\u00e1 Frajumar\",\"alternateName\":\"Fabricant de meubles exclusif Belt\u00e1 Frajumar\",\"url\":\"https:\/\/dev.beltafrajumar.com\/fr\/\",\"logo\":{\"@type\":\"ImageObject\",\"inLanguage\":\"fr-FR\",\"@id\":\"https:\/\/dev.beltafrajumar.com\/fr\/#\/schema\/logo\/image\/\",\"url\":\"https:\/\/dev.beltafrajumar.com\/wp-content\/uploads\/2024\/10\/Logotipo-Belta-Frajumar-patrocinador-de-InterCIDEC-1.jpg\",\"contentUrl\":\"https:\/\/dev.beltafrajumar.com\/wp-content\/uploads\/2024\/10\/Logotipo-Belta-Frajumar-patrocinador-de-InterCIDEC-1.jpg\",\"width\":1080,\"height\":1080,\"caption\":\"Belt\u00e1 Frajumar\"},\"image\":{\"@id\":\"https:\/\/dev.beltafrajumar.com\/fr\/#\/schema\/logo\/image\/\"}},{\"@type\":\"Person\",\"@id\":\"https:\/\/dev.beltafrajumar.com\/fr\/#\/schema\/person\/2e82889801ebb89c99749999d455db01\",\"name\":\"Antonio Frajumar\",\"image\":{\"@type\":\"ImageObject\",\"inLanguage\":\"fr-FR\",\"@id\":\"https:\/\/dev.beltafrajumar.com\/fr\/#\/schema\/person\/image\/\",\"url\":\"https:\/\/secure.gravatar.com\/avatar\/65e0ed9fb3847f56524c47cdce7e600badc87f65290a893a21d4d39710331451?s=96&d=mm&r=g\",\"contentUrl\":\"https:\/\/secure.gravatar.com\/avatar\/65e0ed9fb3847f56524c47cdce7e600badc87f65290a893a21d4d39710331451?s=96&d=mm&r=g\",\"caption\":\"Antonio Frajumar\"}}]}<\/script>\n<!-- \/ Yoast SEO Premium plugin. -->","yoast_head_json":{"title":"Conversations avec Vicente Gallega - Designer | Belt\u00e1 Frajumar","description":"Vicente Gallega partage ses id\u00e9es et son exp\u00e9rience en mati\u00e8re de conception de mobilier avec une approche unique.","robots":{"index":"noindex","follow":"follow","max-snippet":"max-snippet:-1","max-image-preview":"max-image-preview:large","max-video-preview":"max-video-preview:-1"},"og_locale":"fr_FR","og_type":"article","og_title":"Conversations avec Vicente Gallega - Designer","og_description":"Vicente Gallega partage ses id\u00e9es et son exp\u00e9rience en mati\u00e8re de conception de mobilier avec une approche unique.","og_url":"https:\/\/dev.beltafrajumar.com\/fr\/conversations-avec-vicente-gallega-designer\/","og_site_name":"Belt\u00e1 Frajumar","article_published_time":"2020-06-10T05:57:41+00:00","article_modified_time":"2025-01-30T14:07:14+00:00","og_image":[{"width":1024,"height":768,"url":"https:\/\/dev.beltafrajumar.com\/wp-content\/uploads\/2024\/04\/Conversaciones-con-Vicente-Gallega.jpg","type":"image\/jpeg"}],"author":"Antonio Frajumar","twitter_card":"summary_large_image","twitter_misc":{"\u00c9crit par":"Antonio Frajumar","Dur\u00e9e de lecture estim\u00e9e":"3 minutes"},"schema":{"@context":"https:\/\/schema.org","@graph":[{"@type":"Article","@id":"https:\/\/dev.beltafrajumar.com\/fr\/conversations-avec-vicente-gallega-designer\/#article","isPartOf":{"@id":"https:\/\/dev.beltafrajumar.com\/fr\/conversations-avec-vicente-gallega-designer\/"},"author":{"name":"Antonio Frajumar","@id":"https:\/\/dev.beltafrajumar.com\/fr\/#\/schema\/person\/2e82889801ebb89c99749999d455db01"},"headline":"Conversations avec Vicente Gallega &#8211; Designer","datePublished":"2020-06-10T05:57:41+00:00","dateModified":"2025-01-30T14:07:14+00:00","mainEntityOfPage":{"@id":"https:\/\/dev.beltafrajumar.com\/fr\/conversations-avec-vicente-gallega-designer\/"},"wordCount":634,"publisher":{"@id":"https:\/\/dev.beltafrajumar.com\/fr\/#organization"},"image":{"@id":"https:\/\/dev.beltafrajumar.com\/fr\/conversations-avec-vicente-gallega-designer\/#primaryimage"},"thumbnailUrl":"https:\/\/dev.beltafrajumar.com\/wp-content\/uploads\/2024\/04\/Conversaciones-con-Vicente-Gallega.jpg","keywords":["conception de meubles","Conception honn\u00eate","Conseils pour les concepteurs","Conversations","designer","\u00c9motions","Inspiration","Satisfaction personnelle.","Table \u00d3lia","Trajectoire professionnelle","Vicente Gallega"],"articleSection":["Conception","Design d'int\u00e9rieur","Entretiens"],"inLanguage":"fr-FR"},{"@type":"WebPage","@id":"https:\/\/dev.beltafrajumar.com\/fr\/conversations-avec-vicente-gallega-designer\/","url":"https:\/\/dev.beltafrajumar.com\/fr\/conversations-avec-vicente-gallega-designer\/","name":"Conversations avec Vicente Gallega - Designer | Belt\u00e1 Frajumar","isPartOf":{"@id":"https:\/\/dev.beltafrajumar.com\/fr\/#website"},"primaryImageOfPage":{"@id":"https:\/\/dev.beltafrajumar.com\/fr\/conversations-avec-vicente-gallega-designer\/#primaryimage"},"image":{"@id":"https:\/\/dev.beltafrajumar.com\/fr\/conversations-avec-vicente-gallega-designer\/#primaryimage"},"thumbnailUrl":"https:\/\/dev.beltafrajumar.com\/wp-content\/uploads\/2024\/04\/Conversaciones-con-Vicente-Gallega.jpg","datePublished":"2020-06-10T05:57:41+00:00","dateModified":"2025-01-30T14:07:14+00:00","description":"Vicente Gallega partage ses id\u00e9es et son exp\u00e9rience en mati\u00e8re de conception de mobilier avec une approche unique.","breadcrumb":{"@id":"https:\/\/dev.beltafrajumar.com\/fr\/conversations-avec-vicente-gallega-designer\/#breadcrumb"},"inLanguage":"fr-FR","potentialAction":[{"@type":"ReadAction","target":["https:\/\/dev.beltafrajumar.com\/fr\/conversations-avec-vicente-gallega-designer\/"]}]},{"@type":"ImageObject","inLanguage":"fr-FR","@id":"https:\/\/dev.beltafrajumar.com\/fr\/conversations-avec-vicente-gallega-designer\/#primaryimage","url":"https:\/\/dev.beltafrajumar.com\/wp-content\/uploads\/2024\/04\/Conversaciones-con-Vicente-Gallega.jpg","contentUrl":"https:\/\/dev.beltafrajumar.com\/wp-content\/uploads\/2024\/04\/Conversaciones-con-Vicente-Gallega.jpg","width":1024,"height":768,"caption":"Conversaciones con Vicente Gallega"},{"@type":"BreadcrumbList","@id":"https:\/\/dev.beltafrajumar.com\/fr\/conversations-avec-vicente-gallega-designer\/#breadcrumb","itemListElement":[{"@type":"ListItem","position":1,"name":"Portada","item":"https:\/\/dev.beltafrajumar.com\/fr\/"},{"@type":"ListItem","position":2,"name":"Conversations avec Vicente Gallega &#8211; Designer"}]},{"@type":"WebSite","@id":"https:\/\/dev.beltafrajumar.com\/fr\/#website","url":"https:\/\/dev.beltafrajumar.com\/fr\/","name":"Belt\u00e1 Frajumar","description":"Calidad, Dise\u00f1o y Decoraci\u00f3n de Interiores en Mobiliario Hospitality y Living","publisher":{"@id":"https:\/\/dev.beltafrajumar.com\/fr\/#organization"},"alternateName":"Fabricante de mobiliario Hospitality y Living","potentialAction":[{"@type":"SearchAction","target":{"@type":"EntryPoint","urlTemplate":"https:\/\/dev.beltafrajumar.com\/fr\/?s={search_term_string}"},"query-input":{"@type":"PropertyValueSpecification","valueRequired":true,"valueName":"search_term_string"}}],"inLanguage":"fr-FR"},{"@type":"Organization","@id":"https:\/\/dev.beltafrajumar.com\/fr\/#organization","name":"Belt\u00e1 Frajumar","alternateName":"Fabricant de meubles exclusif Belt\u00e1 Frajumar","url":"https:\/\/dev.beltafrajumar.com\/fr\/","logo":{"@type":"ImageObject","inLanguage":"fr-FR","@id":"https:\/\/dev.beltafrajumar.com\/fr\/#\/schema\/logo\/image\/","url":"https:\/\/dev.beltafrajumar.com\/wp-content\/uploads\/2024\/10\/Logotipo-Belta-Frajumar-patrocinador-de-InterCIDEC-1.jpg","contentUrl":"https:\/\/dev.beltafrajumar.com\/wp-content\/uploads\/2024\/10\/Logotipo-Belta-Frajumar-patrocinador-de-InterCIDEC-1.jpg","width":1080,"height":1080,"caption":"Belt\u00e1 Frajumar"},"image":{"@id":"https:\/\/dev.beltafrajumar.com\/fr\/#\/schema\/logo\/image\/"}},{"@type":"Person","@id":"https:\/\/dev.beltafrajumar.com\/fr\/#\/schema\/person\/2e82889801ebb89c99749999d455db01","name":"Antonio Frajumar","image":{"@type":"ImageObject","inLanguage":"fr-FR","@id":"https:\/\/dev.beltafrajumar.com\/fr\/#\/schema\/person\/image\/","url":"https:\/\/secure.gravatar.com\/avatar\/65e0ed9fb3847f56524c47cdce7e600badc87f65290a893a21d4d39710331451?s=96&d=mm&r=g","contentUrl":"https:\/\/secure.gravatar.com\/avatar\/65e0ed9fb3847f56524c47cdce7e600badc87f65290a893a21d4d39710331451?s=96&d=mm&r=g","caption":"Antonio Frajumar"}}]}},"_links":{"self":[{"href":"https:\/\/dev.beltafrajumar.com\/fr\/wp-json\/wp\/v2\/posts\/25467","targetHints":{"allow":["GET"]}}],"collection":[{"href":"https:\/\/dev.beltafrajumar.com\/fr\/wp-json\/wp\/v2\/posts"}],"about":[{"href":"https:\/\/dev.beltafrajumar.com\/fr\/wp-json\/wp\/v2\/types\/post"}],"author":[{"embeddable":true,"href":"https:\/\/dev.beltafrajumar.com\/fr\/wp-json\/wp\/v2\/users\/3"}],"replies":[{"embeddable":true,"href":"https:\/\/dev.beltafrajumar.com\/fr\/wp-json\/wp\/v2\/comments?post=25467"}],"version-history":[{"count":0,"href":"https:\/\/dev.beltafrajumar.com\/fr\/wp-json\/wp\/v2\/posts\/25467\/revisions"}],"wp:featuredmedia":[{"embeddable":true,"href":"https:\/\/dev.beltafrajumar.com\/fr\/wp-json\/wp\/v2\/media\/13189"}],"wp:attachment":[{"href":"https:\/\/dev.beltafrajumar.com\/fr\/wp-json\/wp\/v2\/media?parent=25467"}],"wp:term":[{"taxonomy":"category","embeddable":true,"href":"https:\/\/dev.beltafrajumar.com\/fr\/wp-json\/wp\/v2\/categories?post=25467"},{"taxonomy":"post_tag","embeddable":true,"href":"https:\/\/dev.beltafrajumar.com\/fr\/wp-json\/wp\/v2\/tags?post=25467"}],"curies":[{"name":"wp","href":"https:\/\/api.w.org\/{rel}","templated":true}]}}