{"id":25379,"date":"2021-10-19T12:05:03","date_gmt":"2021-10-19T10:05:03","guid":{"rendered":"https:\/\/dev.beltafrajumar.com\/rencontrez-le-prestigieux-jury-des-prix-intercidec-2021\/"},"modified":"2021-10-19T12:05:03","modified_gmt":"2021-10-19T10:05:03","slug":"rencontrez-le-prestigieux-jury-des-prix-intercidec-2021","status":"publish","type":"post","link":"https:\/\/dev.beltafrajumar.com\/fr\/rencontrez-le-prestigieux-jury-des-prix-intercidec-2021\/","title":{"rendered":"Rencontrez le prestigieux Jury des Prix InterCIDEC 2021 !"},"content":{"rendered":"<section class=\"elementor-section elementor-top-section elementor-element elementor-element-519d208 elementor-section-boxed elementor-section-height-default elementor-section-height-default parallax_section_no qode_elementor_container_no\" data-id=\"519d208\" data-element_type=\"section\">\n<div class=\"elementor-container elementor-column-gap-default\">\n<div class=\"elementor-column elementor-col-100 elementor-top-column elementor-element elementor-element-ad58be3\" data-id=\"ad58be3\" data-element_type=\"column\">\n<div class=\"elementor-widget-wrap elementor-element-populated\">\n<div class=\"elementor-element elementor-element-b5e6ae9 elementor-widget elementor-widget-heading\" data-id=\"b5e6ae9\" data-element_type=\"widget\" data-widget_type=\"heading.default\">\n<div class=\"elementor-widget-container\">\n<h1 class=\"elementor-heading-title elementor-size-default\">Le Jury des Prix InterCIDEC se r\u00e9unira pour choisir le projet gagnant de la 6\u00e8me \u00c9dition<\/h1>\n<\/div>\n<\/div>\n<\/div>\n<\/div>\n<\/div>\n<\/section>\n<section class=\"elementor-section elementor-top-section elementor-element elementor-element-0662e43 elementor-section-boxed elementor-section-height-default elementor-section-height-default parallax_section_no qode_elementor_container_no\" data-id=\"0662e43\" data-element_type=\"section\">\n<div class=\"elementor-container elementor-column-gap-default\">\n<div class=\"elementor-column elementor-col-100 elementor-top-column elementor-element elementor-element-8be7a27\" data-id=\"8be7a27\" data-element_type=\"column\">\n<div class=\"elementor-widget-wrap elementor-element-populated\">\n<div class=\"elementor-element elementor-element-a34cd65 elementor-widget elementor-widget-text-editor\" data-id=\"a34cd65\" data-element_type=\"widget\" data-widget_type=\"text-editor.default\">\n<div class=\"elementor-widget-container\"> Jeudi prochain, le 21 octobre, aura lieu la r\u00e9union du J<strong>ury de la 6\u00e8me \u00e9dition du Concours de Conception d&rsquo;Environnement Contractuel, InterCIDEC<\/strong>, organis\u00e9 par Belt\u00e1 Frajumar. Pour cette \u00e9dition, le Concours de Design d&rsquo;Int\u00e9rieur dispose d&rsquo;un Jury de luxe compos\u00e9 de personnalit\u00e9s internationales prestigieuses du design d&rsquo;int\u00e9rieur et de l&rsquo;architecture telles que <strong>Manuel Clavel PDG de Clavel <\/strong> <strong>Arquitectos<\/strong>, <strong>Michele Corbani<\/strong>, associ\u00e9 fondateur du studio italien <strong>Ilimio Design<\/strong>, <strong>Paco Lago<\/strong> fondateur et g\u00e9rant de le studio de design <strong>d&rsquo;int\u00e9rieur Paco Lago Interioriza<\/strong>, <strong>Mouna Nouidir<\/strong> fondatrice du studio <strong>M. Nouidir Interiores<\/strong>.  Le jury sera \u00e9galement compos\u00e9 du co-fondateur du studio <strong>LeMobba<\/strong>, <strong>V\u00edctor Medina<\/strong>, ancien doyen du Coll\u00e8ge officiel des d\u00e9corateurs et architectes d&rsquo;int\u00e9rieur de Madrid, du directeur <strong>Juan Zapata Barreras<\/strong>, <strong>directeur du Grand H\u00f4tel Puerto Antilla<\/strong> et pr\u00e9sident du F\u00e9d\u00e9ration andalouse des h\u00f4tels et h\u00e9bergements touristiques en Andalousie, <strong>Borja Herrero<\/strong>, directeur des achats et des investissements de <strong>beCordial Hotels &amp; Resorts<\/strong>, <strong>Jos\u00e9 Manuel D\u00edaz<\/strong>, PDG d&rsquo;Apartamentos Leo et <strong>Pedro Valad\u00e9<\/strong>s, PDG de <strong>Valnest Luxury Hotels<\/strong>. Enfin, seront pr\u00e9sents <strong>Cristina Jover<\/strong>, ancienne directrice de PcComponentes et actuel fondateur de Sentido Comunicaci\u00f3n, <strong>Pedro Jos\u00e9 Mart\u00ednez de Llanes<\/strong> du studio <a href=\"https:\/\/dev.beltafrajumar.com\/conoce-los-ganadores-de-los-premios-intercidec-2020\/\">Llanes Granados Arquitectos, laur\u00e9at de la 5\u00e8me \u00e9dition d&rsquo;InterCIDEC<\/a> et <strong>Sergio Mart\u00ednez<\/strong>, chef de projet de Belt\u00e1 Frajumar.  <\/div>\n<\/div>\n<\/div>\n<\/div>\n<\/div>\n<\/section>\n<section class=\"elementor-section elementor-top-section elementor-element elementor-element-316d5a3 elementor-section-boxed elementor-section-height-default elementor-section-height-default parallax_section_no qode_elementor_container_no\" data-id=\"316d5a3\" data-element_type=\"section\">\n<div class=\"elementor-container elementor-column-gap-default\">\n<div class=\"elementor-column elementor-col-100 elementor-top-column elementor-element elementor-element-37fddc3\" data-id=\"37fddc3\" data-element_type=\"column\">\n<div class=\"elementor-widget-wrap elementor-element-populated\">\n<div class=\"elementor-element elementor-element-5849c55 elementor-widget elementor-widget-heading\" data-id=\"5849c55\" data-element_type=\"widget\" data-widget_type=\"heading.default\">\n<div class=\"elementor-widget-container\">\n\n\t\t<style type=\"text\/css\">\n\t\t\t#gallery-1 {\n\t\t\t\tmargin: auto;\n\t\t\t}\n\t\t\t#gallery-1 .gallery-item {\n\t\t\t\tfloat: left;\n\t\t\t\tmargin-top: 10px;\n\t\t\t\ttext-align: center;\n\t\t\t\twidth: 100%;\n\t\t\t}\n\t\t\t#gallery-1 img {\n\t\t\t\tborder: 2px solid #cfcfcf;\n\t\t\t}\n\t\t\t#gallery-1 .gallery-caption {\n\t\t\t\tmargin-left: 0;\n\t\t\t}\n\t\t\t\/* see gallery_shortcode() in wp-includes\/media.php *\/\n\t\t<\/style>\n\t\t<div id='gallery-1' class='gallery galleryid-25379 gallery-columns-1 gallery-size-full'><dl class='gallery-item'>\n\t\t\t<dt class='gallery-icon landscape'>\n\t\t\t\t<a href='https:\/\/dev.beltafrajumar.com\/fr\/rencontrez-le-prestigieux-jury-des-prix-intercidec-2021\/conoce-al-prestigioso-jurado-de-los-premios-intercidec-2021-3-2-2\/'><img fetchpriority=\"high\" decoding=\"async\" width=\"1024\" height=\"768\" src=\"https:\/\/dev.beltafrajumar.com\/wp-content\/uploads\/2021\/10\/\u00a1Conoce-al-prestigioso-Jurado-de-los-Premios-InterCIDEC-2021-3-1.jpg\" class=\"attachment-full size-full\" alt=\"\" aria-describedby=\"gallery-1-11775\" srcset=\"https:\/\/dev.beltafrajumar.com\/wp-content\/uploads\/2021\/10\/\u00a1Conoce-al-prestigioso-Jurado-de-los-Premios-InterCIDEC-2021-3-1.jpg 1024w, https:\/\/dev.beltafrajumar.com\/wp-content\/uploads\/2021\/10\/\u00a1Conoce-al-prestigioso-Jurado-de-los-Premios-InterCIDEC-2021-3-1-200x150.jpg 200w, https:\/\/dev.beltafrajumar.com\/wp-content\/uploads\/2021\/10\/\u00a1Conoce-al-prestigioso-Jurado-de-los-Premios-InterCIDEC-2021-3-1-700x525.jpg 700w, https:\/\/dev.beltafrajumar.com\/wp-content\/uploads\/2021\/10\/\u00a1Conoce-al-prestigioso-Jurado-de-los-Premios-InterCIDEC-2021-3-1-300x225.jpg 300w, https:\/\/dev.beltafrajumar.com\/wp-content\/uploads\/2021\/10\/\u00a1Conoce-al-prestigioso-Jurado-de-los-Premios-InterCIDEC-2021-3-1-768x576.jpg 768w\" sizes=\"(max-width: 1024px) 100vw, 1024px\" \/><\/a>\n\t\t\t<\/dt>\n\t\t\t\t<dd class='wp-caption-text gallery-caption' id='gallery-1-11775'>\n\t\t\t\tManuel Clavel (Clavel Arquitectos) \/ Michele Corbani (Ilmio Design)\n\t\t\t\t<\/dd><\/dl><br style=\"clear: both\" \/><dl class='gallery-item'>\n\t\t\t<dt class='gallery-icon landscape'>\n\t\t\t\t<a href='https:\/\/dev.beltafrajumar.com\/fr\/rencontrez-le-prestigieux-jury-des-prix-intercidec-2021\/conoce-al-prestigioso-jurado-de-los-premios-intercidec-2021-8-2\/'><img decoding=\"async\" width=\"1024\" height=\"768\" src=\"https:\/\/dev.beltafrajumar.com\/wp-content\/uploads\/2021\/10\/\u00a1Conoce-al-prestigioso-Jurado-de-los-Premios-InterCIDEC-2021.jpg\" class=\"attachment-full size-full\" alt=\"\" aria-describedby=\"gallery-1-11783\" srcset=\"https:\/\/dev.beltafrajumar.com\/wp-content\/uploads\/2021\/10\/\u00a1Conoce-al-prestigioso-Jurado-de-los-Premios-InterCIDEC-2021.jpg 1024w, https:\/\/dev.beltafrajumar.com\/wp-content\/uploads\/2021\/10\/\u00a1Conoce-al-prestigioso-Jurado-de-los-Premios-InterCIDEC-2021-200x150.jpg 200w, https:\/\/dev.beltafrajumar.com\/wp-content\/uploads\/2021\/10\/\u00a1Conoce-al-prestigioso-Jurado-de-los-Premios-InterCIDEC-2021-700x525.jpg 700w, https:\/\/dev.beltafrajumar.com\/wp-content\/uploads\/2021\/10\/\u00a1Conoce-al-prestigioso-Jurado-de-los-Premios-InterCIDEC-2021-300x225.jpg 300w, https:\/\/dev.beltafrajumar.com\/wp-content\/uploads\/2021\/10\/\u00a1Conoce-al-prestigioso-Jurado-de-los-Premios-InterCIDEC-2021-768x576.jpg 768w\" sizes=\"(max-width: 1024px) 100vw, 1024px\" \/><\/a>\n\t\t\t<\/dt>\n\t\t\t\t<dd class='wp-caption-text gallery-caption' id='gallery-1-11783'>\n\t\t\t\tMouna Nouidir (Nouidir Interiors) \/ Paco Lago (Lago Interioriza)\n\t\t\t\t<\/dd><\/dl><br style=\"clear: both\" \/><dl class='gallery-item'>\n\t\t\t<dt class='gallery-icon landscape'>\n\t\t\t\t<a href='https:\/\/dev.beltafrajumar.com\/fr\/rencontrez-le-prestigieux-jury-des-prix-intercidec-2021\/conoce-al-prestigioso-jurado-de-los-premios-intercidec-2021-5-2-2\/'><img decoding=\"async\" width=\"1024\" height=\"768\" src=\"https:\/\/dev.beltafrajumar.com\/wp-content\/uploads\/2021\/10\/\u00a1Conoce-al-prestigioso-Jurado-de-los-Premios-InterCIDEC-2021-5-1.jpg\" class=\"attachment-full size-full\" alt=\"\" aria-describedby=\"gallery-1-11773\" srcset=\"https:\/\/dev.beltafrajumar.com\/wp-content\/uploads\/2021\/10\/\u00a1Conoce-al-prestigioso-Jurado-de-los-Premios-InterCIDEC-2021-5-1.jpg 1024w, https:\/\/dev.beltafrajumar.com\/wp-content\/uploads\/2021\/10\/\u00a1Conoce-al-prestigioso-Jurado-de-los-Premios-InterCIDEC-2021-5-1-200x150.jpg 200w, https:\/\/dev.beltafrajumar.com\/wp-content\/uploads\/2021\/10\/\u00a1Conoce-al-prestigioso-Jurado-de-los-Premios-InterCIDEC-2021-5-1-700x525.jpg 700w, https:\/\/dev.beltafrajumar.com\/wp-content\/uploads\/2021\/10\/\u00a1Conoce-al-prestigioso-Jurado-de-los-Premios-InterCIDEC-2021-5-1-300x225.jpg 300w, https:\/\/dev.beltafrajumar.com\/wp-content\/uploads\/2021\/10\/\u00a1Conoce-al-prestigioso-Jurado-de-los-Premios-InterCIDEC-2021-5-1-768x576.jpg 768w\" sizes=\"(max-width: 1024px) 100vw, 1024px\" \/><\/a>\n\t\t\t<\/dt>\n\t\t\t\t<dd class='wp-caption-text gallery-caption' id='gallery-1-11773'>\n\t\t\t\tCristina Jover (Sentido Comunicaci\u00f3n) \/ Juan Zapata ( Puerto Antilla Grand Hotel)\n\t\t\t\t<\/dd><\/dl><br style=\"clear: both\" \/>\n\t\t<\/div>\n\n<p><iframe title=\"Manuel Clavel | Clavel Arquitectos | Jurado de InterCIDEC Awards 2021\" width=\"500\" height=\"281\" src=\"https:\/\/www.youtube.com\/embed\/1nMwh5chCag?start=2&#038;feature=oembed\" frameborder=\"0\" allow=\"accelerometer; autoplay; clipboard-write; encrypted-media; gyroscope; picture-in-picture; web-share\" referrerpolicy=\"strict-origin-when-cross-origin\" allowfullscreen><\/iframe><\/p>\n<p><iframe title=\"Michele Corbani | ILMIODESIGN | Jurado de InterCIDEC Awards 2021\" width=\"500\" height=\"281\" src=\"https:\/\/www.youtube.com\/embed\/X_FFIpJvM8o?feature=oembed\" frameborder=\"0\" allow=\"accelerometer; autoplay; clipboard-write; encrypted-media; gyroscope; picture-in-picture; web-share\" referrerpolicy=\"strict-origin-when-cross-origin\" allowfullscreen><\/iframe><\/p>\n<p><iframe title=\"Entrevista a Paco Lago, CEO de Paco Lago Interioriza, Jurado de InterCIDEC 2021\" width=\"500\" height=\"281\" src=\"https:\/\/www.youtube.com\/embed\/ZHYAN6CwpZY?feature=oembed\" frameborder=\"0\" allow=\"accelerometer; autoplay; clipboard-write; encrypted-media; gyroscope; picture-in-picture; web-share\" referrerpolicy=\"strict-origin-when-cross-origin\" allowfullscreen><\/iframe><\/p>\n<h2 class=\"elementor-heading-title elementor-size-default\">\u00ab\u00a0La r\u00e9invention des espaces h\u00f4teliers\u00a0\u00bb comme protagoniste de cette \u00e9dition.<\/h2>\n<\/div>\n<\/div>\n<\/div>\n<\/div>\n<\/div>\n<\/section>\n<section class=\"elementor-section elementor-top-section elementor-element elementor-element-a45d8e7 elementor-section-boxed elementor-section-height-default elementor-section-height-default parallax_section_no qode_elementor_container_no\" data-id=\"a45d8e7\" data-element_type=\"section\">\n<div class=\"elementor-container elementor-column-gap-default\">\n<div class=\"elementor-column elementor-col-100 elementor-top-column elementor-element elementor-element-ca3ea06\" data-id=\"ca3ea06\" data-element_type=\"column\">\n<div class=\"elementor-widget-wrap elementor-element-populated\">\n<div class=\"elementor-element elementor-element-f48e5f3 elementor-widget elementor-widget-text-editor\" data-id=\"f48e5f3\" data-element_type=\"widget\" data-widget_type=\"text-editor.default\">\n<div class=\"elementor-widget-container\"> La situation provoqu\u00e9e par la crise sanitaire provoqu\u00e9e par le COVID-19 a manifest\u00e9 un grand changement de paradigme dans le secteur h\u00f4telier et a pos\u00e9 un grand d\u00e9fi \u00e9conomique aux entreprises, les obligeant dans de nombreux cas \u00e0 diversifier leurs ressources. Le th\u00e8me de cette \u00e9dition repose donc sur la <strong>r\u00e9invention et la conception d&rsquo;un espace h\u00f4telier multifonctionnel<\/strong> dans le but d&rsquo;adapter ces espaces \u00e0 de nouvelles activit\u00e9s comme la transformation du hall d&rsquo;un h\u00f4tel en showcooking ou en d\u00e9fil\u00e9 de mode. Avec une large participation de <strong>projets de plus de 6 pays diff\u00e9rents<\/strong>, dont l&rsquo;Espagne, la France, l&rsquo;Italie et Cuba, InterCIDEC se consolide d\u00e9j\u00e0 comme plateforme de r\u00e9f\u00e9rence dans le canal Contrat pour d\u00e9couvrir de nouveaux talents professionnels et comme vitrine de nouvelles id\u00e9es et propositions de projets. pour les entreprises du secteur h\u00f4telier.   <\/div>\n<\/div>\n<p>&nbsp;<\/p>\n\n\t\t<style type=\"text\/css\">\n\t\t\t#gallery-2 {\n\t\t\t\tmargin: auto;\n\t\t\t}\n\t\t\t#gallery-2 .gallery-item {\n\t\t\t\tfloat: left;\n\t\t\t\tmargin-top: 10px;\n\t\t\t\ttext-align: center;\n\t\t\t\twidth: 100%;\n\t\t\t}\n\t\t\t#gallery-2 img {\n\t\t\t\tborder: 2px solid #cfcfcf;\n\t\t\t}\n\t\t\t#gallery-2 .gallery-caption {\n\t\t\t\tmargin-left: 0;\n\t\t\t}\n\t\t\t\/* see gallery_shortcode() in wp-includes\/media.php *\/\n\t\t<\/style>\n\t\t<div id='gallery-2' class='gallery galleryid-25379 gallery-columns-1 gallery-size-full'><dl class='gallery-item'>\n\t\t\t<dt class='gallery-icon landscape'>\n\t\t\t\t<a href='https:\/\/dev.beltafrajumar.com\/fr\/rencontrez-le-prestigieux-jury-des-prix-intercidec-2021\/conoce-al-prestigioso-jurado-de-los-premios-intercidec-2021-6-2\/'><img loading=\"lazy\" decoding=\"async\" width=\"1024\" height=\"768\" src=\"https:\/\/dev.beltafrajumar.com\/wp-content\/uploads\/2021\/10\/\u00a1Conoce-al-prestigioso-Jurado-de-los-Premios-InterCIDEC-2021-6.jpg\" class=\"attachment-full size-full\" alt=\"\" aria-describedby=\"gallery-2-11781\" srcset=\"https:\/\/dev.beltafrajumar.com\/wp-content\/uploads\/2021\/10\/\u00a1Conoce-al-prestigioso-Jurado-de-los-Premios-InterCIDEC-2021-6.jpg 1024w, https:\/\/dev.beltafrajumar.com\/wp-content\/uploads\/2021\/10\/\u00a1Conoce-al-prestigioso-Jurado-de-los-Premios-InterCIDEC-2021-6-200x150.jpg 200w, https:\/\/dev.beltafrajumar.com\/wp-content\/uploads\/2021\/10\/\u00a1Conoce-al-prestigioso-Jurado-de-los-Premios-InterCIDEC-2021-6-700x525.jpg 700w, https:\/\/dev.beltafrajumar.com\/wp-content\/uploads\/2021\/10\/\u00a1Conoce-al-prestigioso-Jurado-de-los-Premios-InterCIDEC-2021-6-300x225.jpg 300w, https:\/\/dev.beltafrajumar.com\/wp-content\/uploads\/2021\/10\/\u00a1Conoce-al-prestigioso-Jurado-de-los-Premios-InterCIDEC-2021-6-768x576.jpg 768w\" sizes=\"(max-width: 1024px) 100vw, 1024px\" \/><\/a>\n\t\t\t<\/dt>\n\t\t\t\t<dd class='wp-caption-text gallery-caption' id='gallery-2-11781'>\n\t\t\t\tBorja Herrero (beCordial Hotels &#038; Resorts) \/ V\u00edctor Medina (LeMobba Estudio)\n\t\t\t\t<\/dd><\/dl><br style=\"clear: both\" \/><dl class='gallery-item'>\n\t\t\t<dt class='gallery-icon landscape'>\n\t\t\t\t<a href='https:\/\/dev.beltafrajumar.com\/fr\/rencontrez-le-prestigieux-jury-des-prix-intercidec-2021\/conoce-al-prestigioso-jurado-de-los-premios-intercidec-2021-7-2\/'><img loading=\"lazy\" decoding=\"async\" width=\"1024\" height=\"768\" src=\"https:\/\/dev.beltafrajumar.com\/wp-content\/uploads\/2021\/10\/\u00a1Conoce-al-prestigioso-Jurado-de-los-Premios-InterCIDEC-2021-7.jpg\" class=\"attachment-full size-full\" alt=\"\" aria-describedby=\"gallery-2-11777\" srcset=\"https:\/\/dev.beltafrajumar.com\/wp-content\/uploads\/2021\/10\/\u00a1Conoce-al-prestigioso-Jurado-de-los-Premios-InterCIDEC-2021-7.jpg 1024w, https:\/\/dev.beltafrajumar.com\/wp-content\/uploads\/2021\/10\/\u00a1Conoce-al-prestigioso-Jurado-de-los-Premios-InterCIDEC-2021-7-200x150.jpg 200w, https:\/\/dev.beltafrajumar.com\/wp-content\/uploads\/2021\/10\/\u00a1Conoce-al-prestigioso-Jurado-de-los-Premios-InterCIDEC-2021-7-700x525.jpg 700w, https:\/\/dev.beltafrajumar.com\/wp-content\/uploads\/2021\/10\/\u00a1Conoce-al-prestigioso-Jurado-de-los-Premios-InterCIDEC-2021-7-300x225.jpg 300w, https:\/\/dev.beltafrajumar.com\/wp-content\/uploads\/2021\/10\/\u00a1Conoce-al-prestigioso-Jurado-de-los-Premios-InterCIDEC-2021-7-768x576.jpg 768w\" sizes=\"(max-width: 1024px) 100vw, 1024px\" \/><\/a>\n\t\t\t<\/dt>\n\t\t\t\t<dd class='wp-caption-text gallery-caption' id='gallery-2-11777'>\n\t\t\t\tJos\u00e9 Manuel D\u00edaz (Apartamentos Leo) \/ Pedro Jos\u00e9 Mart\u00ednez (Llanes Granados Arquitectos)\n\t\t\t\t<\/dd><\/dl><br style=\"clear: both\" \/><dl class='gallery-item'>\n\t\t\t<dt class='gallery-icon landscape'>\n\t\t\t\t<a href='https:\/\/dev.beltafrajumar.com\/fr\/rencontrez-le-prestigieux-jury-des-prix-intercidec-2021\/conoce-al-prestigioso-jurado-de-los-premios-intercidec-2021-1-2\/'><img loading=\"lazy\" decoding=\"async\" width=\"1024\" height=\"768\" src=\"https:\/\/dev.beltafrajumar.com\/wp-content\/uploads\/2021\/10\/\u00a1Conoce-al-prestigioso-Jurado-de-los-Premios-InterCIDEC-2021-1.jpg\" class=\"attachment-full size-full\" alt=\"\" aria-describedby=\"gallery-2-11779\" srcset=\"https:\/\/dev.beltafrajumar.com\/wp-content\/uploads\/2021\/10\/\u00a1Conoce-al-prestigioso-Jurado-de-los-Premios-InterCIDEC-2021-1.jpg 1024w, https:\/\/dev.beltafrajumar.com\/wp-content\/uploads\/2021\/10\/\u00a1Conoce-al-prestigioso-Jurado-de-los-Premios-InterCIDEC-2021-1-200x150.jpg 200w, https:\/\/dev.beltafrajumar.com\/wp-content\/uploads\/2021\/10\/\u00a1Conoce-al-prestigioso-Jurado-de-los-Premios-InterCIDEC-2021-1-700x525.jpg 700w, https:\/\/dev.beltafrajumar.com\/wp-content\/uploads\/2021\/10\/\u00a1Conoce-al-prestigioso-Jurado-de-los-Premios-InterCIDEC-2021-1-300x225.jpg 300w, https:\/\/dev.beltafrajumar.com\/wp-content\/uploads\/2021\/10\/\u00a1Conoce-al-prestigioso-Jurado-de-los-Premios-InterCIDEC-2021-1-768x576.jpg 768w\" sizes=\"(max-width: 1024px) 100vw, 1024px\" \/><\/a>\n\t\t\t<\/dt>\n\t\t\t\t<dd class='wp-caption-text gallery-caption' id='gallery-2-11779'>\n\t\t\t\tPedro Valad\u00e9s (Valnest Luxury Hotels) \/ Sergio Mart\u00ednez (Belt\u00e1 Frajumar)\n\t\t\t\t<\/dd><\/dl><br style=\"clear: both\" \/>\n\t\t<\/div>\n\n<\/div>\n<\/div>\n<\/div>\n<\/section>\n<section class=\"elementor-section elementor-top-section elementor-element elementor-element-6df14e7 elementor-section-boxed elementor-section-height-default elementor-section-height-default parallax_section_no qode_elementor_container_no\" data-id=\"6df14e7\" data-element_type=\"section\">\n<div class=\"elementor-container elementor-column-gap-default\">\n<div class=\"elementor-column elementor-col-100 elementor-top-column elementor-element elementor-element-5d99b42\" data-id=\"5d99b42\" data-element_type=\"column\">\n<div class=\"elementor-widget-wrap elementor-element-populated\">\n<div class=\"elementor-element elementor-element-b0c17af elementor-widget elementor-widget-heading\" data-id=\"b0c17af\" data-element_type=\"widget\" data-widget_type=\"heading.default\">\n<div class=\"elementor-widget-container\">\n<h2 class=\"elementor-heading-title elementor-size-default\">La c\u00e9r\u00e9monie de remise des prix aura lieu au Coll\u00e8ge Officiel des Architectes de Malaga<\/h2>\n<\/div>\n<\/div>\n<\/div>\n<\/div>\n<\/div>\n<\/section>\n<section class=\"elementor-section elementor-top-section elementor-element elementor-element-a2c15d0 elementor-section-boxed elementor-section-height-default elementor-section-height-default parallax_section_no qode_elementor_container_no\" data-id=\"a2c15d0\" data-element_type=\"section\">\n<div class=\"elementor-container elementor-column-gap-default\">\n<div class=\"elementor-column elementor-col-100 elementor-top-column elementor-element elementor-element-af9baf7\" data-id=\"af9baf7\" data-element_type=\"column\">\n<div class=\"elementor-widget-wrap elementor-element-populated\">\n<div class=\"elementor-element elementor-element-56edc3c elementor-widget elementor-widget-text-editor\" data-id=\"56edc3c\" data-element_type=\"widget\" data-widget_type=\"text-editor.default\">\n<div class=\"elementor-widget-container\"> La d\u00e9cision du Jury InterCIDEC 2021 sera rendue publique lors de la c\u00e9r\u00e9monie de remise des prix qui aura lieu le <strong>4 novembre \u00e0 l&#8217;embl\u00e9matique Coll\u00e8ge Officiel des Architectes de Malaga<\/strong> \u00e0 18h00. \u00c9v\u00e9nement auquel ont particip\u00e9 des personnalit\u00e9s du secteur h\u00f4telier, des d\u00e9corateurs d&rsquo;int\u00e9rieur et des architectes.  <\/div>\n<\/div>\n<\/div>\n<\/div>\n<\/div>\n<\/section>\n","protected":false},"excerpt":{"rendered":"<p>Le Jury des Prix InterCIDEC se r\u00e9unira pour choisir le projet gagnant de la 6\u00e8me \u00c9dition Jeudi prochain, le 21<\/p>\n","protected":false},"author":3,"featured_media":11763,"comment_status":"open","ping_status":"open","sticky":false,"template":"","format":"standard","meta":{"_acf_changed":false,"footnotes":""},"categories":[1752,1773,1713],"tags":[1778,1754,1756,1845,1844,1841,1775],"class_list":["post-25379","post","type-post","status-publish","format-standard","has-post-thumbnail","hentry","category-conception","category-intercidec-fr","category-qualite","tag-architecture-fr","tag-belta-frajumar-fr","tag-conception","tag-hotel-fr","tag-intercidec-fr","tag-jury-fr","tag-prix"],"acf":[],"yoast_head":"<!-- This site is optimized with the Yoast SEO Premium plugin v24.2 (Yoast SEO v25.3.1) - https:\/\/yoast.com\/wordpress\/plugins\/seo\/ -->\n<title>Rencontrez le prestigieux Jury des Prix InterCIDEC 2021 ! | Belt\u00e1 Frajumar<\/title>\n<meta name=\"description\" content=\"Le grand jury qui choisira le gagnant de la 6\u00e8me \u00e9dition du Concours de Conception d&#039;Environnement Contractuel, InterCIDEC organis\u00e9 par Belt\u00e1 Frajumar.\" \/>\n<meta name=\"robots\" content=\"noindex, follow, max-snippet:-1, max-image-preview:large, max-video-preview:-1\" \/>\n<meta property=\"og:locale\" content=\"fr_FR\" \/>\n<meta property=\"og:type\" content=\"article\" \/>\n<meta property=\"og:title\" content=\"Rencontrez le prestigieux Jury des Prix InterCIDEC 2021 !\" \/>\n<meta property=\"og:description\" content=\"Le grand jury qui choisira le gagnant de la 6\u00e8me \u00e9dition du Concours de Conception d&#039;Environnement Contractuel, InterCIDEC organis\u00e9 par Belt\u00e1 Frajumar.\" \/>\n<meta property=\"og:url\" content=\"https:\/\/dev.beltafrajumar.com\/fr\/rencontrez-le-prestigieux-jury-des-prix-intercidec-2021\/\" \/>\n<meta property=\"og:site_name\" content=\"Belt\u00e1 Frajumar\" \/>\n<meta property=\"article:published_time\" content=\"2021-10-19T10:05:03+00:00\" \/>\n<meta property=\"og:image\" content=\"https:\/\/dev.beltafrajumar.com\/wp-content\/uploads\/2024\/03\/\u00a1Conoce-al-prestigioso-Jurado-de-los-Premios-InterCIDEC-2021-2.jpg\" \/>\n\t<meta property=\"og:image:width\" content=\"1024\" \/>\n\t<meta property=\"og:image:height\" content=\"768\" \/>\n\t<meta property=\"og:image:type\" content=\"image\/jpeg\" \/>\n<meta name=\"author\" content=\"Antonio Frajumar\" \/>\n<meta name=\"twitter:card\" content=\"summary_large_image\" \/>\n<meta name=\"twitter:label1\" content=\"\u00c9crit par\" \/>\n\t<meta name=\"twitter:data1\" content=\"Antonio Frajumar\" \/>\n\t<meta name=\"twitter:label2\" content=\"Dur\u00e9e de lecture estim\u00e9e\" \/>\n\t<meta name=\"twitter:data2\" content=\"3 minutes\" \/>\n<script type=\"application\/ld+json\" class=\"yoast-schema-graph\">{\"@context\":\"https:\/\/schema.org\",\"@graph\":[{\"@type\":\"Article\",\"@id\":\"https:\/\/dev.beltafrajumar.com\/fr\/rencontrez-le-prestigieux-jury-des-prix-intercidec-2021\/#article\",\"isPartOf\":{\"@id\":\"https:\/\/dev.beltafrajumar.com\/fr\/rencontrez-le-prestigieux-jury-des-prix-intercidec-2021\/\"},\"author\":{\"name\":\"Antonio Frajumar\",\"@id\":\"https:\/\/dev.beltafrajumar.com\/fr\/#\/schema\/person\/2e82889801ebb89c99749999d455db01\"},\"headline\":\"Rencontrez le prestigieux Jury des Prix InterCIDEC 2021 !\",\"datePublished\":\"2021-10-19T10:05:03+00:00\",\"mainEntityOfPage\":{\"@id\":\"https:\/\/dev.beltafrajumar.com\/fr\/rencontrez-le-prestigieux-jury-des-prix-intercidec-2021\/\"},\"wordCount\":527,\"commentCount\":0,\"publisher\":{\"@id\":\"https:\/\/dev.beltafrajumar.com\/fr\/#organization\"},\"image\":{\"@id\":\"https:\/\/dev.beltafrajumar.com\/fr\/rencontrez-le-prestigieux-jury-des-prix-intercidec-2021\/#primaryimage\"},\"thumbnailUrl\":\"https:\/\/dev.beltafrajumar.com\/wp-content\/uploads\/2024\/03\/\u00a1Conoce-al-prestigioso-Jurado-de-los-Premios-InterCIDEC-2021-2.jpg\",\"keywords\":[\"architecture\",\"Belt\u00e1 Frajumar\",\"Conception\",\"H\u00f4tel\",\"InterCIDEC\",\"Jury\",\"prix\"],\"articleSection\":[\"Conception\",\"InterCIDEC\",\"Qualit\u00e9\"],\"inLanguage\":\"fr-FR\",\"potentialAction\":[{\"@type\":\"CommentAction\",\"name\":\"Comment\",\"target\":[\"https:\/\/dev.beltafrajumar.com\/fr\/rencontrez-le-prestigieux-jury-des-prix-intercidec-2021\/#respond\"]}]},{\"@type\":\"WebPage\",\"@id\":\"https:\/\/dev.beltafrajumar.com\/fr\/rencontrez-le-prestigieux-jury-des-prix-intercidec-2021\/\",\"url\":\"https:\/\/dev.beltafrajumar.com\/fr\/rencontrez-le-prestigieux-jury-des-prix-intercidec-2021\/\",\"name\":\"Rencontrez le prestigieux Jury des Prix InterCIDEC 2021 ! | Belt\u00e1 Frajumar\",\"isPartOf\":{\"@id\":\"https:\/\/dev.beltafrajumar.com\/fr\/#website\"},\"primaryImageOfPage\":{\"@id\":\"https:\/\/dev.beltafrajumar.com\/fr\/rencontrez-le-prestigieux-jury-des-prix-intercidec-2021\/#primaryimage\"},\"image\":{\"@id\":\"https:\/\/dev.beltafrajumar.com\/fr\/rencontrez-le-prestigieux-jury-des-prix-intercidec-2021\/#primaryimage\"},\"thumbnailUrl\":\"https:\/\/dev.beltafrajumar.com\/wp-content\/uploads\/2024\/03\/\u00a1Conoce-al-prestigioso-Jurado-de-los-Premios-InterCIDEC-2021-2.jpg\",\"datePublished\":\"2021-10-19T10:05:03+00:00\",\"description\":\"Le grand jury qui choisira le gagnant de la 6\u00e8me \u00e9dition du Concours de Conception d'Environnement Contractuel, InterCIDEC organis\u00e9 par Belt\u00e1 Frajumar.\",\"breadcrumb\":{\"@id\":\"https:\/\/dev.beltafrajumar.com\/fr\/rencontrez-le-prestigieux-jury-des-prix-intercidec-2021\/#breadcrumb\"},\"inLanguage\":\"fr-FR\",\"potentialAction\":[{\"@type\":\"ReadAction\",\"target\":[\"https:\/\/dev.beltafrajumar.com\/fr\/rencontrez-le-prestigieux-jury-des-prix-intercidec-2021\/\"]}]},{\"@type\":\"ImageObject\",\"inLanguage\":\"fr-FR\",\"@id\":\"https:\/\/dev.beltafrajumar.com\/fr\/rencontrez-le-prestigieux-jury-des-prix-intercidec-2021\/#primaryimage\",\"url\":\"https:\/\/dev.beltafrajumar.com\/wp-content\/uploads\/2024\/03\/\u00a1Conoce-al-prestigioso-Jurado-de-los-Premios-InterCIDEC-2021-2.jpg\",\"contentUrl\":\"https:\/\/dev.beltafrajumar.com\/wp-content\/uploads\/2024\/03\/\u00a1Conoce-al-prestigioso-Jurado-de-los-Premios-InterCIDEC-2021-2.jpg\",\"width\":1024,\"height\":768},{\"@type\":\"BreadcrumbList\",\"@id\":\"https:\/\/dev.beltafrajumar.com\/fr\/rencontrez-le-prestigieux-jury-des-prix-intercidec-2021\/#breadcrumb\",\"itemListElement\":[{\"@type\":\"ListItem\",\"position\":1,\"name\":\"Portada\",\"item\":\"https:\/\/dev.beltafrajumar.com\/fr\/\"},{\"@type\":\"ListItem\",\"position\":2,\"name\":\"Rencontrez le prestigieux Jury des Prix InterCIDEC 2021 !\"}]},{\"@type\":\"WebSite\",\"@id\":\"https:\/\/dev.beltafrajumar.com\/fr\/#website\",\"url\":\"https:\/\/dev.beltafrajumar.com\/fr\/\",\"name\":\"Belt\u00e1 Frajumar\",\"description\":\"Calidad, Dise\u00f1o y Decoraci\u00f3n de Interiores en Mobiliario Hospitality y Living\",\"publisher\":{\"@id\":\"https:\/\/dev.beltafrajumar.com\/fr\/#organization\"},\"alternateName\":\"Fabricante de mobiliario Hospitality y Living\",\"potentialAction\":[{\"@type\":\"SearchAction\",\"target\":{\"@type\":\"EntryPoint\",\"urlTemplate\":\"https:\/\/dev.beltafrajumar.com\/fr\/?s={search_term_string}\"},\"query-input\":{\"@type\":\"PropertyValueSpecification\",\"valueRequired\":true,\"valueName\":\"search_term_string\"}}],\"inLanguage\":\"fr-FR\"},{\"@type\":\"Organization\",\"@id\":\"https:\/\/dev.beltafrajumar.com\/fr\/#organization\",\"name\":\"Belt\u00e1 Frajumar\",\"alternateName\":\"Fabricant de meubles exclusif Belt\u00e1 Frajumar\",\"url\":\"https:\/\/dev.beltafrajumar.com\/fr\/\",\"logo\":{\"@type\":\"ImageObject\",\"inLanguage\":\"fr-FR\",\"@id\":\"https:\/\/dev.beltafrajumar.com\/fr\/#\/schema\/logo\/image\/\",\"url\":\"https:\/\/dev.beltafrajumar.com\/wp-content\/uploads\/2024\/10\/Logotipo-Belta-Frajumar-patrocinador-de-InterCIDEC-1.jpg\",\"contentUrl\":\"https:\/\/dev.beltafrajumar.com\/wp-content\/uploads\/2024\/10\/Logotipo-Belta-Frajumar-patrocinador-de-InterCIDEC-1.jpg\",\"width\":1080,\"height\":1080,\"caption\":\"Belt\u00e1 Frajumar\"},\"image\":{\"@id\":\"https:\/\/dev.beltafrajumar.com\/fr\/#\/schema\/logo\/image\/\"}},{\"@type\":\"Person\",\"@id\":\"https:\/\/dev.beltafrajumar.com\/fr\/#\/schema\/person\/2e82889801ebb89c99749999d455db01\",\"name\":\"Antonio Frajumar\",\"image\":{\"@type\":\"ImageObject\",\"inLanguage\":\"fr-FR\",\"@id\":\"https:\/\/dev.beltafrajumar.com\/fr\/#\/schema\/person\/image\/\",\"url\":\"https:\/\/secure.gravatar.com\/avatar\/65e0ed9fb3847f56524c47cdce7e600badc87f65290a893a21d4d39710331451?s=96&d=mm&r=g\",\"contentUrl\":\"https:\/\/secure.gravatar.com\/avatar\/65e0ed9fb3847f56524c47cdce7e600badc87f65290a893a21d4d39710331451?s=96&d=mm&r=g\",\"caption\":\"Antonio Frajumar\"}}]}<\/script>\n<!-- \/ Yoast SEO Premium plugin. -->","yoast_head_json":{"title":"Rencontrez le prestigieux Jury des Prix InterCIDEC 2021 ! | Belt\u00e1 Frajumar","description":"Le grand jury qui choisira le gagnant de la 6\u00e8me \u00e9dition du Concours de Conception d'Environnement Contractuel, InterCIDEC organis\u00e9 par Belt\u00e1 Frajumar.","robots":{"index":"noindex","follow":"follow","max-snippet":"max-snippet:-1","max-image-preview":"max-image-preview:large","max-video-preview":"max-video-preview:-1"},"og_locale":"fr_FR","og_type":"article","og_title":"Rencontrez le prestigieux Jury des Prix InterCIDEC 2021 !","og_description":"Le grand jury qui choisira le gagnant de la 6\u00e8me \u00e9dition du Concours de Conception d'Environnement Contractuel, InterCIDEC organis\u00e9 par Belt\u00e1 Frajumar.","og_url":"https:\/\/dev.beltafrajumar.com\/fr\/rencontrez-le-prestigieux-jury-des-prix-intercidec-2021\/","og_site_name":"Belt\u00e1 Frajumar","article_published_time":"2021-10-19T10:05:03+00:00","og_image":[{"width":1024,"height":768,"url":"https:\/\/dev.beltafrajumar.com\/wp-content\/uploads\/2024\/03\/\u00a1Conoce-al-prestigioso-Jurado-de-los-Premios-InterCIDEC-2021-2.jpg","type":"image\/jpeg"}],"author":"Antonio Frajumar","twitter_card":"summary_large_image","twitter_misc":{"\u00c9crit par":"Antonio Frajumar","Dur\u00e9e de lecture estim\u00e9e":"3 minutes"},"schema":{"@context":"https:\/\/schema.org","@graph":[{"@type":"Article","@id":"https:\/\/dev.beltafrajumar.com\/fr\/rencontrez-le-prestigieux-jury-des-prix-intercidec-2021\/#article","isPartOf":{"@id":"https:\/\/dev.beltafrajumar.com\/fr\/rencontrez-le-prestigieux-jury-des-prix-intercidec-2021\/"},"author":{"name":"Antonio Frajumar","@id":"https:\/\/dev.beltafrajumar.com\/fr\/#\/schema\/person\/2e82889801ebb89c99749999d455db01"},"headline":"Rencontrez le prestigieux Jury des Prix InterCIDEC 2021 !","datePublished":"2021-10-19T10:05:03+00:00","mainEntityOfPage":{"@id":"https:\/\/dev.beltafrajumar.com\/fr\/rencontrez-le-prestigieux-jury-des-prix-intercidec-2021\/"},"wordCount":527,"commentCount":0,"publisher":{"@id":"https:\/\/dev.beltafrajumar.com\/fr\/#organization"},"image":{"@id":"https:\/\/dev.beltafrajumar.com\/fr\/rencontrez-le-prestigieux-jury-des-prix-intercidec-2021\/#primaryimage"},"thumbnailUrl":"https:\/\/dev.beltafrajumar.com\/wp-content\/uploads\/2024\/03\/\u00a1Conoce-al-prestigioso-Jurado-de-los-Premios-InterCIDEC-2021-2.jpg","keywords":["architecture","Belt\u00e1 Frajumar","Conception","H\u00f4tel","InterCIDEC","Jury","prix"],"articleSection":["Conception","InterCIDEC","Qualit\u00e9"],"inLanguage":"fr-FR","potentialAction":[{"@type":"CommentAction","name":"Comment","target":["https:\/\/dev.beltafrajumar.com\/fr\/rencontrez-le-prestigieux-jury-des-prix-intercidec-2021\/#respond"]}]},{"@type":"WebPage","@id":"https:\/\/dev.beltafrajumar.com\/fr\/rencontrez-le-prestigieux-jury-des-prix-intercidec-2021\/","url":"https:\/\/dev.beltafrajumar.com\/fr\/rencontrez-le-prestigieux-jury-des-prix-intercidec-2021\/","name":"Rencontrez le prestigieux Jury des Prix InterCIDEC 2021 ! | Belt\u00e1 Frajumar","isPartOf":{"@id":"https:\/\/dev.beltafrajumar.com\/fr\/#website"},"primaryImageOfPage":{"@id":"https:\/\/dev.beltafrajumar.com\/fr\/rencontrez-le-prestigieux-jury-des-prix-intercidec-2021\/#primaryimage"},"image":{"@id":"https:\/\/dev.beltafrajumar.com\/fr\/rencontrez-le-prestigieux-jury-des-prix-intercidec-2021\/#primaryimage"},"thumbnailUrl":"https:\/\/dev.beltafrajumar.com\/wp-content\/uploads\/2024\/03\/\u00a1Conoce-al-prestigioso-Jurado-de-los-Premios-InterCIDEC-2021-2.jpg","datePublished":"2021-10-19T10:05:03+00:00","description":"Le grand jury qui choisira le gagnant de la 6\u00e8me \u00e9dition du Concours de Conception d'Environnement Contractuel, InterCIDEC organis\u00e9 par Belt\u00e1 Frajumar.","breadcrumb":{"@id":"https:\/\/dev.beltafrajumar.com\/fr\/rencontrez-le-prestigieux-jury-des-prix-intercidec-2021\/#breadcrumb"},"inLanguage":"fr-FR","potentialAction":[{"@type":"ReadAction","target":["https:\/\/dev.beltafrajumar.com\/fr\/rencontrez-le-prestigieux-jury-des-prix-intercidec-2021\/"]}]},{"@type":"ImageObject","inLanguage":"fr-FR","@id":"https:\/\/dev.beltafrajumar.com\/fr\/rencontrez-le-prestigieux-jury-des-prix-intercidec-2021\/#primaryimage","url":"https:\/\/dev.beltafrajumar.com\/wp-content\/uploads\/2024\/03\/\u00a1Conoce-al-prestigioso-Jurado-de-los-Premios-InterCIDEC-2021-2.jpg","contentUrl":"https:\/\/dev.beltafrajumar.com\/wp-content\/uploads\/2024\/03\/\u00a1Conoce-al-prestigioso-Jurado-de-los-Premios-InterCIDEC-2021-2.jpg","width":1024,"height":768},{"@type":"BreadcrumbList","@id":"https:\/\/dev.beltafrajumar.com\/fr\/rencontrez-le-prestigieux-jury-des-prix-intercidec-2021\/#breadcrumb","itemListElement":[{"@type":"ListItem","position":1,"name":"Portada","item":"https:\/\/dev.beltafrajumar.com\/fr\/"},{"@type":"ListItem","position":2,"name":"Rencontrez le prestigieux Jury des Prix InterCIDEC 2021 !"}]},{"@type":"WebSite","@id":"https:\/\/dev.beltafrajumar.com\/fr\/#website","url":"https:\/\/dev.beltafrajumar.com\/fr\/","name":"Belt\u00e1 Frajumar","description":"Calidad, Dise\u00f1o y Decoraci\u00f3n de Interiores en Mobiliario Hospitality y Living","publisher":{"@id":"https:\/\/dev.beltafrajumar.com\/fr\/#organization"},"alternateName":"Fabricante de mobiliario Hospitality y Living","potentialAction":[{"@type":"SearchAction","target":{"@type":"EntryPoint","urlTemplate":"https:\/\/dev.beltafrajumar.com\/fr\/?s={search_term_string}"},"query-input":{"@type":"PropertyValueSpecification","valueRequired":true,"valueName":"search_term_string"}}],"inLanguage":"fr-FR"},{"@type":"Organization","@id":"https:\/\/dev.beltafrajumar.com\/fr\/#organization","name":"Belt\u00e1 Frajumar","alternateName":"Fabricant de meubles exclusif Belt\u00e1 Frajumar","url":"https:\/\/dev.beltafrajumar.com\/fr\/","logo":{"@type":"ImageObject","inLanguage":"fr-FR","@id":"https:\/\/dev.beltafrajumar.com\/fr\/#\/schema\/logo\/image\/","url":"https:\/\/dev.beltafrajumar.com\/wp-content\/uploads\/2024\/10\/Logotipo-Belta-Frajumar-patrocinador-de-InterCIDEC-1.jpg","contentUrl":"https:\/\/dev.beltafrajumar.com\/wp-content\/uploads\/2024\/10\/Logotipo-Belta-Frajumar-patrocinador-de-InterCIDEC-1.jpg","width":1080,"height":1080,"caption":"Belt\u00e1 Frajumar"},"image":{"@id":"https:\/\/dev.beltafrajumar.com\/fr\/#\/schema\/logo\/image\/"}},{"@type":"Person","@id":"https:\/\/dev.beltafrajumar.com\/fr\/#\/schema\/person\/2e82889801ebb89c99749999d455db01","name":"Antonio Frajumar","image":{"@type":"ImageObject","inLanguage":"fr-FR","@id":"https:\/\/dev.beltafrajumar.com\/fr\/#\/schema\/person\/image\/","url":"https:\/\/secure.gravatar.com\/avatar\/65e0ed9fb3847f56524c47cdce7e600badc87f65290a893a21d4d39710331451?s=96&d=mm&r=g","contentUrl":"https:\/\/secure.gravatar.com\/avatar\/65e0ed9fb3847f56524c47cdce7e600badc87f65290a893a21d4d39710331451?s=96&d=mm&r=g","caption":"Antonio Frajumar"}}]}},"_links":{"self":[{"href":"https:\/\/dev.beltafrajumar.com\/fr\/wp-json\/wp\/v2\/posts\/25379","targetHints":{"allow":["GET"]}}],"collection":[{"href":"https:\/\/dev.beltafrajumar.com\/fr\/wp-json\/wp\/v2\/posts"}],"about":[{"href":"https:\/\/dev.beltafrajumar.com\/fr\/wp-json\/wp\/v2\/types\/post"}],"author":[{"embeddable":true,"href":"https:\/\/dev.beltafrajumar.com\/fr\/wp-json\/wp\/v2\/users\/3"}],"replies":[{"embeddable":true,"href":"https:\/\/dev.beltafrajumar.com\/fr\/wp-json\/wp\/v2\/comments?post=25379"}],"version-history":[{"count":0,"href":"https:\/\/dev.beltafrajumar.com\/fr\/wp-json\/wp\/v2\/posts\/25379\/revisions"}],"wp:featuredmedia":[{"embeddable":true,"href":"https:\/\/dev.beltafrajumar.com\/fr\/wp-json\/wp\/v2\/media\/11763"}],"wp:attachment":[{"href":"https:\/\/dev.beltafrajumar.com\/fr\/wp-json\/wp\/v2\/media?parent=25379"}],"wp:term":[{"taxonomy":"category","embeddable":true,"href":"https:\/\/dev.beltafrajumar.com\/fr\/wp-json\/wp\/v2\/categories?post=25379"},{"taxonomy":"post_tag","embeddable":true,"href":"https:\/\/dev.beltafrajumar.com\/fr\/wp-json\/wp\/v2\/tags?post=25379"}],"curies":[{"name":"wp","href":"https:\/\/api.w.org\/{rel}","templated":true}]}}