{"id":25341,"date":"2023-03-28T11:36:58","date_gmt":"2023-03-28T09:36:58","guid":{"rendered":"https:\/\/dev.beltafrajumar.com\/meubles-pour-auberges-et-hotels-tout-ce-que-tu-as-besoin-de-savoir\/"},"modified":"2023-03-28T11:36:58","modified_gmt":"2023-03-28T09:36:58","slug":"meubles-pour-auberges-et-hotels-tout-ce-que-tu-as-besoin-de-savoir","status":"publish","type":"post","link":"https:\/\/dev.beltafrajumar.com\/fr\/meubles-pour-auberges-et-hotels-tout-ce-que-tu-as-besoin-de-savoir\/","title":{"rendered":"Meubles pour auberges et h\u00f4tels. Tout ce que tu as besoin de savoir"},"content":{"rendered":"<section class=\"elementor-section elementor-top-section elementor-element elementor-element-44c0263 elementor-section-boxed elementor-section-height-default elementor-section-height-default parallax_section_no qode_elementor_container_no\" data-id=\"44c0263\" data-element_type=\"section\">\n<div class=\"elementor-container elementor-column-gap-default\">\n<div class=\"elementor-column elementor-col-100 elementor-top-column elementor-element elementor-element-f8eee0a\" data-id=\"f8eee0a\" data-element_type=\"column\">\n<div class=\"elementor-widget-wrap elementor-element-populated\">\n<div class=\"elementor-element elementor-element-f31021a elementor-widget elementor-widget-heading\" data-id=\"f31021a\" data-element_type=\"widget\" data-widget_type=\"heading.default\">\n<div class=\"elementor-widget-container\">\n<div class=\"acf-field acf-field-message acf-field-65e961d254e9c\" data-type=\"message\" data-key=\"field_65e961d254e9c\">\n<div class=\"acf-input\">\n<p>Les Paradores sont des <strong>h\u00f4tels situ\u00e9s dans des sites embl\u00e9matiques d&rsquo;un grand int\u00e9r\u00eat artistique ou culturel tels que des b\u00e2timents historiques<\/strong>, des ch\u00e2teaux et des palais r\u00e9habilit\u00e9s dans le but de promouvoir un tourisme durable et de qualit\u00e9 dans des zones de paysages naturels ou avec un plus petit nombre de visiteurs.<\/p>\n<\/div>\n<\/div>\n<\/div>\n<\/div>\n<\/div>\n<\/div>\n<\/div>\n<\/section>\n<section class=\"elementor-section elementor-top-section elementor-element elementor-element-5a962d7 elementor-section-boxed elementor-section-height-default elementor-section-height-default parallax_section_no qode_elementor_container_no\" data-id=\"5a962d7\" data-element_type=\"section\">\n<div class=\"elementor-container elementor-column-gap-default\">\n<div class=\"elementor-column elementor-col-100 elementor-top-column elementor-element elementor-element-759bb66\" data-id=\"759bb66\" data-element_type=\"column\">\n<div class=\"elementor-widget-wrap elementor-element-populated\">\n<div class=\"elementor-element elementor-element-14e1f45 elementor-widget elementor-widget-text-editor\" data-id=\"14e1f45\" data-element_type=\"widget\" data-widget_type=\"text-editor.default\">\n<div class=\"elementor-widget-container\">\n<p>Depuis leur origine au d\u00e9but du XXe si\u00e8cle, la majorit\u00e9 des paradores ont \u00e9t\u00e9 construits pour profiter et r\u00e9habiliter des monuments historiques, devenant aujourd&rsquo;hui l&rsquo;une des destinations de grand int\u00e9r\u00eat en Espagne avec 97 \u00e9tablissements r\u00e9partis dans tout le pays dans des villes d\u00e9clar\u00e9es patrimoine. de l&rsquo;Humanit\u00e9, environnements monumentaux, parcs nationaux et espaces naturels, etc.<\/p>\n<div id=\"attachment_745\" style=\"width: 899px\" class=\"wp-caption aligncenter\"><img fetchpriority=\"high\" decoding=\"async\" aria-describedby=\"caption-attachment-745\" class=\"wp-image-745 size-full\" src=\"https:\/\/dev.beltafrajumar.com\/wp-content\/uploads\/2024\/03\/parador-costa-da-morte-galicia.jpg\" alt=\"Parador Costa da Morte (Galice)\" width=\"889\" height=\"590\" srcset=\"https:\/\/dev.beltafrajumar.com\/wp-content\/uploads\/2024\/03\/parador-costa-da-morte-galicia.jpg 889w, https:\/\/dev.beltafrajumar.com\/wp-content\/uploads\/2024\/03\/parador-costa-da-morte-galicia-200x133.jpg 200w, https:\/\/dev.beltafrajumar.com\/wp-content\/uploads\/2024\/03\/parador-costa-da-morte-galicia-700x465.jpg 700w, https:\/\/dev.beltafrajumar.com\/wp-content\/uploads\/2024\/03\/parador-costa-da-morte-galicia-300x199.jpg 300w, https:\/\/dev.beltafrajumar.com\/wp-content\/uploads\/2024\/03\/parador-costa-da-morte-galicia-768x510.jpg 768w\" sizes=\"(max-width: 889px) 100vw, 889px\" \/><p id=\"caption-attachment-745\" class=\"wp-caption-text\">Parador Costa da Morte (Galicia)<\/p><\/div>\n<\/div>\n<\/div>\n<\/div>\n<\/div>\n<\/div>\n<\/section>\n<section class=\"elementor-section elementor-top-section elementor-element elementor-element-f479033 elementor-section-boxed elementor-section-height-default elementor-section-height-default parallax_section_no qode_elementor_container_no\" data-id=\"f479033\" data-element_type=\"section\">\n<div class=\"elementor-container elementor-column-gap-default\">\n<div class=\"elementor-column elementor-col-100 elementor-top-column elementor-element elementor-element-3aaf30b\" data-id=\"3aaf30b\" data-element_type=\"column\">\n<div class=\"elementor-widget-wrap elementor-element-populated\">\n<div class=\"elementor-element elementor-element-9384de2 elementor-widget elementor-widget-image\" data-id=\"9384de2\" data-element_type=\"widget\" data-widget_type=\"image.default\">\n<div class=\"elementor-widget-container\"><\/div>\n<\/div>\n<\/div>\n<\/div>\n<\/div>\n<\/section>\n<section class=\"elementor-section elementor-top-section elementor-element elementor-element-30eba10 elementor-section-boxed elementor-section-height-default elementor-section-height-default parallax_section_no qode_elementor_container_no\" data-id=\"30eba10\" data-element_type=\"section\">\n<div class=\"elementor-container elementor-column-gap-default\">\n<div class=\"elementor-column elementor-col-100 elementor-top-column elementor-element elementor-element-a840043\" data-id=\"a840043\" data-element_type=\"column\">\n<div class=\"elementor-widget-wrap elementor-element-populated\">\n<div class=\"elementor-element elementor-element-4ea3a77 elementor-widget elementor-widget-text-editor\" data-id=\"4ea3a77\" data-element_type=\"widget\" data-widget_type=\"text-editor.default\">\n<div class=\"elementor-widget-container\">\n<p>Plus de la moiti\u00e9 des paradores int\u00e8grent leurs propres restaurants et magasins pour encourager l&rsquo;industrie et l&rsquo;\u00e9conomie locales en mettant en valeur la gastronomie et les produits typiques de la r\u00e9gion ou des visites guid\u00e9es, ainsi que des installations et des spas hautement \u00e9quip\u00e9s pour offrir \u00e0 leurs clients une exp\u00e9rience exclusive de d\u00e9connexion. et un confort maximal.<\/p>\n<p>Selon leur localisation et leur typologie, ces h\u00f4tels peuvent \u00eatre class\u00e9s en diff\u00e9rentes cat\u00e9gories :<\/p>\n<ul>\n<li><strong>Paradores Civia<\/strong> : situ\u00e9s au centre des villes.<\/li>\n<li><strong>Paradores Esentia <\/strong> : b\u00e2timents historiques tels que monast\u00e8res, palais ou ch\u00e2teaux.<\/li>\n<li><strong>Paradores Naturia <\/strong>: situ\u00e9s dans des milieux naturels en dehors des villes.<\/li>\n<\/ul>\n<p>Certains des paradores les plus reconnus et avec le plus grand afflux de visiteurs en Espagne sont :<\/p>\n<p><strong>Parador de Plasencia, Parador de Ja\u00e9n, Sant Estevo (Ourense), AiguaBlava (Girona), Costa da Morte en Galice <\/strong> entre autres.<\/p>\n<\/div>\n<\/div>\n<\/div>\n<\/div>\n<\/div>\n<\/section>\n<section class=\"elementor-section elementor-top-section elementor-element elementor-element-d854924 elementor-section-boxed elementor-section-height-default elementor-section-height-default parallax_section_no qode_elementor_container_no\" data-id=\"d854924\" data-element_type=\"section\">\n<div class=\"elementor-container elementor-column-gap-default\">\n<div class=\"elementor-column elementor-col-100 elementor-top-column elementor-element elementor-element-fc94a31\" data-id=\"fc94a31\" data-element_type=\"column\">\n<div class=\"elementor-widget-wrap elementor-element-populated\">\n<div class=\"elementor-element elementor-element-0151565 elementor-widget elementor-widget-heading\" data-id=\"0151565\" data-element_type=\"widget\" data-widget_type=\"heading.default\">\n<div class=\"elementor-widget-container\">\n<h2 class=\"elementor-heading-title elementor-size-default\">Meubles pour auberges nationales<\/h2>\n<\/div>\n<\/div>\n<\/div>\n<\/div>\n<\/div>\n<\/section>\n<section class=\"elementor-section elementor-top-section elementor-element elementor-element-cebac32 elementor-section-boxed elementor-section-height-default elementor-section-height-default parallax_section_no qode_elementor_container_no\" data-id=\"cebac32\" data-element_type=\"section\">\n<div class=\"elementor-container elementor-column-gap-default\">\n<div class=\"elementor-column elementor-col-100 elementor-top-column elementor-element elementor-element-21ba4b4\" data-id=\"21ba4b4\" data-element_type=\"column\">\n<div class=\"elementor-widget-wrap elementor-element-populated\">\n<div class=\"elementor-element elementor-element-bd74343 elementor-widget elementor-widget-text-editor\" data-id=\"bd74343\" data-element_type=\"widget\" data-widget_type=\"text-editor.default\">\n<div class=\"elementor-widget-container\">\n<p>Le mobilier des auberges, comme dans les h\u00f4tels, doit jouer un r\u00f4le essentiel tant dans les mat\u00e9riaux utilis\u00e9s que dans sa conception pour offrir aux clients un s\u00e9jour confortable, s\u00fbr et de qualit\u00e9, ainsi que leur faire ressentir une connexion et une exp\u00e9rience unique. avec le logement et l&rsquo;environnement qui l&rsquo;entoure. Pour cette raison, tous les meubles destin\u00e9s aux \u00e9tablissements h\u00f4teliers doivent offrir des caract\u00e9ristiques optimales de durabilit\u00e9 et de r\u00e9sistance dans les structures (bois massif, fer et acier), les oreillers (diff\u00e9rentes \u00e9paisseurs et niveaux de confort) et les rev\u00eatements avec des tissus faciles \u00e0 nettoyer, imperm\u00e9ables ou ignifuges. etc.<\/p>\n<p>Il convient \u00e9galement de souligner l&rsquo;importance d&rsquo;utiliser des mat\u00e9riaux et des ressources durables dans la fabrication de ces pi\u00e8ces respectueuses de l&rsquo;environnement, comme les tissus 100% recycl\u00e9s, le bois issu de for\u00eats \u00e0 exploitation contr\u00f4l\u00e9e ou la r\u00e9duction de l&rsquo;utilisation de d\u00e9riv\u00e9s p\u00e9troliers dans les mousses et les produits adh\u00e9sifs, etc.<\/p>\n<p>Un choix correct des caract\u00e9ristiques et des mat\u00e9riaux du meuble, ainsi qu&rsquo;un entretien, un nettoyage et une utilisation appropri\u00e9s prolongeront la dur\u00e9e de vie utile du produit \u00e0 plus de dix ans en bon \u00e9tat de conservation.<\/p>\n<div id=\"attachment_751\" style=\"width: 899px\" class=\"wp-caption aligncenter\"><img decoding=\"async\" aria-describedby=\"caption-attachment-751\" class=\"wp-image-751 size-full\" src=\"https:\/\/dev.beltafrajumar.com\/wp-content\/uploads\/2024\/03\/salon-estar-ventanas-parador-aiguablava-girona-mobiliario-diseno-sofa-mesas-puff-fabricados-por-belta-frajumar.jpg\" alt=\"Parador d\u00b4AiguaBlava sur la falaise de Punta d\u00e9s Mus (G\u00e9rone).\" width=\"889\" height=\"590\" srcset=\"https:\/\/dev.beltafrajumar.com\/wp-content\/uploads\/2024\/03\/salon-estar-ventanas-parador-aiguablava-girona-mobiliario-diseno-sofa-mesas-puff-fabricados-por-belta-frajumar.jpg 889w, https:\/\/dev.beltafrajumar.com\/wp-content\/uploads\/2024\/03\/salon-estar-ventanas-parador-aiguablava-girona-mobiliario-diseno-sofa-mesas-puff-fabricados-por-belta-frajumar-200x133.jpg 200w, https:\/\/dev.beltafrajumar.com\/wp-content\/uploads\/2024\/03\/salon-estar-ventanas-parador-aiguablava-girona-mobiliario-diseno-sofa-mesas-puff-fabricados-por-belta-frajumar-700x465.jpg 700w, https:\/\/dev.beltafrajumar.com\/wp-content\/uploads\/2024\/03\/salon-estar-ventanas-parador-aiguablava-girona-mobiliario-diseno-sofa-mesas-puff-fabricados-por-belta-frajumar-300x199.jpg 300w, https:\/\/dev.beltafrajumar.com\/wp-content\/uploads\/2024\/03\/salon-estar-ventanas-parador-aiguablava-girona-mobiliario-diseno-sofa-mesas-puff-fabricados-por-belta-frajumar-768x510.jpg 768w\" sizes=\"(max-width: 889px) 100vw, 889px\" \/><p id=\"caption-attachment-751\" class=\"wp-caption-text\">Parador d\u00b4AiguaBlava sur la falaise de Punta d\u00e9s Mus (G\u00e9rone).<\/p><\/div>\n<\/div>\n<\/div>\n<\/div>\n<\/div>\n<\/div>\n<\/section>\n<section class=\"elementor-section elementor-top-section elementor-element elementor-element-4d008c1 elementor-section-boxed elementor-section-height-default elementor-section-height-default parallax_section_no qode_elementor_container_no\" data-id=\"4d008c1\" data-element_type=\"section\">\n<div class=\"elementor-container elementor-column-gap-default\">\n<div class=\"elementor-column elementor-col-100 elementor-top-column elementor-element elementor-element-8895b72\" data-id=\"8895b72\" data-element_type=\"column\">\n<div class=\"elementor-widget-wrap elementor-element-populated\">\n<div class=\"elementor-element elementor-element-cab93f3 elementor-widget elementor-widget-spacer\" data-id=\"cab93f3\" data-element_type=\"widget\" data-widget_type=\"spacer.default\">\n<div class=\"elementor-widget-container\">\n<div class=\"elementor-spacer\">\n<div class=\"elementor-spacer-inner\"><\/div>\n<\/div>\n<\/div>\n<\/div>\n<div class=\"elementor-element elementor-element-2c2d13d elementor-widget elementor-widget-heading\" data-id=\"2c2d13d\" data-element_type=\"widget\" data-widget_type=\"heading.default\">\n<div class=\"elementor-widget-container\">\n<h2 class=\"elementor-heading-title elementor-size-default\">Comment choisir des meubles pour d\u00e9corer un parador ou un h\u00f4tel de luxe<\/h2>\n<\/div>\n<\/div>\n<\/div>\n<\/div>\n<\/div>\n<\/section>\n<section class=\"elementor-section elementor-top-section elementor-element elementor-element-b16fbae elementor-section-boxed elementor-section-height-default elementor-section-height-default parallax_section_no qode_elementor_container_no\" data-id=\"b16fbae\" data-element_type=\"section\">\n<div class=\"elementor-container elementor-column-gap-default\">\n<div class=\"elementor-column elementor-col-100 elementor-top-column elementor-element elementor-element-3f24f78\" data-id=\"3f24f78\" data-element_type=\"column\">\n<div class=\"elementor-widget-wrap elementor-element-populated\">\n<div class=\"elementor-element elementor-element-8260520 elementor-widget elementor-widget-text-editor\" data-id=\"8260520\" data-element_type=\"widget\" data-widget_type=\"text-editor.default\">\n<div class=\"elementor-widget-container\">\n<p>Le choix du mobilier pour une auberge ou un h\u00f4tel d\u00e9pendra du projet de d\u00e9coration int\u00e9rieure, qui se chargera de fournir et de d\u00e9velopper de mani\u00e8re coh\u00e9rente l&rsquo;identit\u00e9 et la personnalit\u00e9 des espaces en fonction des besoins et des possibilit\u00e9s structurelles du b\u00e2timent, concept \u00e0 d\u00e9finir. \u00e9labor\u00e9, choix de la palette de couleurs, etc.<\/p>\n<p>La d\u00e9coration des auberges implique \u00e9galement de respecter et de pr\u00e9server l&rsquo;histoire du lieu, en conservant pour la plupart des \u00e9l\u00e9ments originaux et en m\u00eame temps en proposant des designs uniques qui cr\u00e9eront une atmosph\u00e8re unique pour surprendre et enchanter ses h\u00f4tes.<\/p>\n<p>Ci-dessous, nous vous proposons quelques id\u00e9es de mobilier design intemporel pour d\u00e9corer les auberges et les h\u00f4tels, en cr\u00e9ant des environnements d&rsquo;une grande \u00e9l\u00e9gance et harmonie :<\/p>\n<div id=\"attachment_750\" style=\"width: 899px\" class=\"wp-caption aligncenter\"><img decoding=\"async\" aria-describedby=\"caption-attachment-750\" class=\"wp-image-750 size-full\" src=\"https:\/\/dev.beltafrajumar.com\/wp-content\/uploads\/2024\/03\/lobby-parador-aiguablava-playa-girona-mobiliario-decoracion-mesas-puffs-butacas.jpg\" alt=\"Tables basses DOMO et tables d'appoint BACK au parador d'Aiguablava.\" width=\"889\" height=\"590\" srcset=\"https:\/\/dev.beltafrajumar.com\/wp-content\/uploads\/2024\/03\/lobby-parador-aiguablava-playa-girona-mobiliario-decoracion-mesas-puffs-butacas.jpg 889w, https:\/\/dev.beltafrajumar.com\/wp-content\/uploads\/2024\/03\/lobby-parador-aiguablava-playa-girona-mobiliario-decoracion-mesas-puffs-butacas-200x133.jpg 200w, https:\/\/dev.beltafrajumar.com\/wp-content\/uploads\/2024\/03\/lobby-parador-aiguablava-playa-girona-mobiliario-decoracion-mesas-puffs-butacas-700x465.jpg 700w, https:\/\/dev.beltafrajumar.com\/wp-content\/uploads\/2024\/03\/lobby-parador-aiguablava-playa-girona-mobiliario-decoracion-mesas-puffs-butacas-300x199.jpg 300w, https:\/\/dev.beltafrajumar.com\/wp-content\/uploads\/2024\/03\/lobby-parador-aiguablava-playa-girona-mobiliario-decoracion-mesas-puffs-butacas-768x510.jpg 768w\" sizes=\"(max-width: 889px) 100vw, 889px\" \/><p id=\"caption-attachment-750\" class=\"wp-caption-text\">Tables basses DOMO et tables d&rsquo;appoint BACK au parador d&rsquo;Aiguablava.<\/p><\/div>\n<\/div>\n<\/div>\n<\/div>\n<\/div>\n<\/div>\n<\/section>\n<section class=\"elementor-section elementor-top-section elementor-element elementor-element-30d9702 elementor-section-boxed elementor-section-height-default elementor-section-height-default parallax_section_no qode_elementor_container_no\" data-id=\"30d9702\" data-element_type=\"section\">\n<div class=\"elementor-container elementor-column-gap-default\">\n<div class=\"elementor-column elementor-col-100 elementor-top-column elementor-element elementor-element-1b9fead\" data-id=\"1b9fead\" data-element_type=\"column\">\n<div class=\"elementor-widget-wrap elementor-element-populated\">\n<div class=\"elementor-element elementor-element-23535e1 elementor-widget elementor-widget-spacer\" data-id=\"23535e1\" data-element_type=\"widget\" data-widget_type=\"spacer.default\">\n<div class=\"elementor-widget-container\">\n<div class=\"elementor-spacer\">\n<div class=\"elementor-spacer-inner\"><\/div>\n<\/div>\n<\/div>\n<\/div>\n<div class=\"elementor-element elementor-element-e738bbb elementor-widget elementor-widget-heading\" data-id=\"e738bbb\" data-element_type=\"widget\" data-widget_type=\"heading.default\">\n<div class=\"elementor-widget-container\">\n<h2 class=\"elementor-heading-title elementor-size-default\">Mobilier pour r\u00e9ception et espaces communs<\/h2>\n<\/div>\n<\/div>\n<\/div>\n<\/div>\n<\/div>\n<\/section>\n<section class=\"elementor-section elementor-top-section elementor-element elementor-element-c5e69c9 elementor-section-boxed elementor-section-height-default elementor-section-height-default parallax_section_no qode_elementor_container_no\" data-id=\"c5e69c9\" data-element_type=\"section\">\n<div class=\"elementor-container elementor-column-gap-default\">\n<div class=\"elementor-column elementor-col-100 elementor-top-column elementor-element elementor-element-7d968fe\" data-id=\"7d968fe\" data-element_type=\"column\">\n<div class=\"elementor-widget-wrap elementor-element-populated\">\n<div class=\"elementor-element elementor-element-44a0f52 elementor-widget elementor-widget-text-editor\" data-id=\"44a0f52\" data-element_type=\"widget\" data-widget_type=\"text-editor.default\">\n<div class=\"elementor-widget-container\">\n<p>La r\u00e9ception d&rsquo;un parador ou d&rsquo;un h\u00f4tel, \u00e9galement connue sous le nom de hall, est l&rsquo;une des pi\u00e8ces les plus importantes car elle repr\u00e9sente la premi\u00e8re impression que le client re\u00e7oit du logement et du lieu o\u00f9 les invit\u00e9s passent et attendent, elle doit donc \u00eatre \u00e9quip\u00e9e avec un mobilier saisissant et confortable et une esth\u00e9tique attrayante qui d\u00e9finit parfaitement le style de d\u00e9coration int\u00e9rieure.<\/p>\n<p>La tendance des comptoirs des auberges et des petits h\u00f4tels ruraux est d&rsquo;opter de plus en plus pour un design avant-gardiste et discret, avec de petites dimensions et des finitions minimalistes au lieu du style longitudinal classique d&rsquo;une seule pi\u00e8ce de grandes proportions avec des mat\u00e9riaux visibles comme le marbre, les m\u00e9taux. pierres pr\u00e9cieuses ou c\u00e9ramiques plus courantes dans les grands h\u00f4tels.<\/p>\n<p>La salle d&rsquo;attente doit \u00eatre \u00e9quip\u00e9e de <b><a href=\"https:\/\/dev.beltafrajumar.com\/categoria-producto\/mobiliario-contract\/sofas-contract\/\">canap\u00e9s de style modulaire<\/a> ou <a href=\"https:\/\/dev.beltafrajumar.com\/categoria-producto\/mobiliario-contract\/bancos-contract\/\">de bancs<\/a><\/b>, <b><a href=\"https:\/\/dev.beltafrajumar.com\/categoria-producto\/mobiliario-contract\/butacas-contract\/\">fauteuils<\/a> et <a href=\"https:\/\/dev.beltafrajumar.com\/categoria-producto\/mobiliario-contract\/puffs-contract\/\">poufs<\/a><\/b> rembourr\u00e9s sur mesure afin que les clients puissent profiter d&rsquo;une exp\u00e9rience confortable et agr\u00e9able pendant qu&rsquo;ils parlent, lisent ou naviguent avec leurs appareils mobiles. Les <b><a href=\"https:\/\/dev.beltafrajumar.com\/categoria-producto\/mobiliario-contract\/mesas-contract\/\">tables basses<\/a> et auxiliaires<\/b> compl\u00e8teront l&rsquo;environnement en fournissant des surfaces pour int\u00e9grer l&rsquo;\u00e9clairage et des objets d\u00e9coratifs diff\u00e9renci\u00e9s.<\/p>\n<div id=\"attachment_749\" style=\"width: 1010px\" class=\"wp-caption aligncenter\"><img loading=\"lazy\" decoding=\"async\" aria-describedby=\"caption-attachment-749\" class=\"wp-image-749 size-full\" src=\"https:\/\/dev.beltafrajumar.com\/wp-content\/uploads\/2024\/03\/mobiliario-hotel-paradores-butacas-mesas-auxiliares-mostradores-recepcion-1.jpg\" alt=\"Si\u00e8ges Delta et table ICON \u00e0 la r\u00e9ception de l'h\u00f4tel Ibiza Twiins\" width=\"1000\" height=\"667\" srcset=\"https:\/\/dev.beltafrajumar.com\/wp-content\/uploads\/2024\/03\/mobiliario-hotel-paradores-butacas-mesas-auxiliares-mostradores-recepcion-1.jpg 1000w, https:\/\/dev.beltafrajumar.com\/wp-content\/uploads\/2024\/03\/mobiliario-hotel-paradores-butacas-mesas-auxiliares-mostradores-recepcion-1-200x133.jpg 200w, https:\/\/dev.beltafrajumar.com\/wp-content\/uploads\/2024\/03\/mobiliario-hotel-paradores-butacas-mesas-auxiliares-mostradores-recepcion-1-700x467.jpg 700w, https:\/\/dev.beltafrajumar.com\/wp-content\/uploads\/2024\/03\/mobiliario-hotel-paradores-butacas-mesas-auxiliares-mostradores-recepcion-1-300x200.jpg 300w, https:\/\/dev.beltafrajumar.com\/wp-content\/uploads\/2024\/03\/mobiliario-hotel-paradores-butacas-mesas-auxiliares-mostradores-recepcion-1-768x512.jpg 768w\" sizes=\"(max-width: 1000px) 100vw, 1000px\" \/><p id=\"caption-attachment-749\" class=\"wp-caption-text\">Si\u00e8ges Delta et table ICON \u00e0 la r\u00e9ception de l&rsquo;h\u00f4tel Ibiza Twiins<\/p><\/div>\n<\/div>\n<\/div>\n<\/div>\n<\/div>\n<\/div>\n<\/section>\n<section class=\"elementor-section elementor-top-section elementor-element elementor-element-0ede25b elementor-section-boxed elementor-section-height-default elementor-section-height-default parallax_section_no qode_elementor_container_no\" data-id=\"0ede25b\" data-element_type=\"section\">\n<div class=\"elementor-container elementor-column-gap-default\">\n<div class=\"elementor-column elementor-col-100 elementor-top-column elementor-element elementor-element-217fef7\" data-id=\"217fef7\" data-element_type=\"column\">\n<div class=\"elementor-widget-wrap elementor-element-populated\">\n<div class=\"elementor-element elementor-element-97d65b7 elementor-widget elementor-widget-heading\" data-id=\"97d65b7\" data-element_type=\"widget\" data-widget_type=\"heading.default\">\n<div class=\"elementor-widget-container\">\n<h2 class=\"elementor-heading-title elementor-size-default\">Mobilier pour chambres et suites<\/h2>\n<\/div>\n<\/div>\n<\/div>\n<\/div>\n<\/div>\n<\/section>\n<section class=\"elementor-section elementor-top-section elementor-element elementor-element-2c42aeb elementor-section-boxed elementor-section-height-default elementor-section-height-default parallax_section_no qode_elementor_container_no\" data-id=\"2c42aeb\" data-element_type=\"section\">\n<div class=\"elementor-container elementor-column-gap-default\">\n<div class=\"elementor-column elementor-col-100 elementor-top-column elementor-element elementor-element-5086354\" data-id=\"5086354\" data-element_type=\"column\">\n<div class=\"elementor-widget-wrap elementor-element-populated\">\n<div class=\"elementor-element elementor-element-d0a41fc elementor-widget elementor-widget-text-editor\" data-id=\"d0a41fc\" data-element_type=\"widget\" data-widget_type=\"text-editor.default\">\n<div class=\"elementor-widget-container\">\n<p>Les chambres sont des espaces priv\u00e9s dans lesquels le confort, la beaut\u00e9 et le repos doivent pr\u00e9valoir, offrant aux visiteurs une exp\u00e9rience unique avec un mobilier qui offre confort, qualit\u00e9 et fonctionnalit\u00e9. Les chambres des paradores se caract\u00e9risent principalement par des rev\u00eatements en pierre, des poutres apparentes et un style rural-classique, il sera donc essentiel d&rsquo;avoir des meubles au design intemporel et une palette de couleurs pour des finitions qui s&rsquo;int\u00e8grent correctement \u00e0 l&rsquo;environnement.<\/p>\n<p>Le ch\u00eane ou le noyer peuvent apporter une esth\u00e9tique \u00e9l\u00e9gante au mobilier et les tons doux ou clairs comme le beige et le gris dans les tissus d&rsquo;ameublement peuvent \u00e9galement \u00eatre une bonne solution pour donner de la lumi\u00e8re et de l&rsquo;espace aux pi\u00e8ces. Le style et la personnalisation du mobilier d\u00e9pendront du type de pi\u00e8ce et de l&rsquo;identit\u00e9 que vous souhaitez v\u00e9hiculer.<\/p>\n<p>Certains des \u00e9l\u00e9ments qui ne peuvent manquer dans une chambre d\u2019auberge et d\u2019h\u00f4tel sont :<\/p>\n<p><b>Canap\u00e9s et <a href=\"https:\/\/dev.beltafrajumar.com\/categoria-producto\/mobiliario-contract\/sofas-cama-contract\/\"> canap\u00e9s-lits<\/a>, fauteuils, <a href=\"https:\/\/dev.beltafrajumar.com\/categoria-producto\/mobiliario-contract\/escritorios-contract\/\">bureaux<\/a>, poufs, <a href=\"https:\/\/dev.beltafrajumar.com\/categoria-producto\/mobiliario-contract\/percheros-contract\/\">porte-manteaux<\/a>, miroirs, t\u00eates de lit, <a href=\"https:\/\/dev.beltafrajumar.com\/categoria-producto\/mobiliario-contract\/maleteros-contract\/\">malles<\/a> et <a href=\"https:\/\/dev.beltafrajumar.com\/categoria-producto\/mobiliario-contract\/pie-de-cama-contract\/\">pieds de lit<\/a>.<\/b><\/p>\n<div id=\"attachment_748\" style=\"width: 899px\" class=\"wp-caption aligncenter\"><img loading=\"lazy\" decoding=\"async\" aria-describedby=\"caption-attachment-748\" class=\"wp-image-748 size-full\" src=\"https:\/\/dev.beltafrajumar.com\/wp-content\/uploads\/2024\/03\/muebles-habitacion-parador.jpg\" alt=\"Fauteuil BLOM dans la chambre de l'h\u00f4tel Der Waldhof\" width=\"889\" height=\"590\" srcset=\"https:\/\/dev.beltafrajumar.com\/wp-content\/uploads\/2024\/03\/muebles-habitacion-parador.jpg 889w, https:\/\/dev.beltafrajumar.com\/wp-content\/uploads\/2024\/03\/muebles-habitacion-parador-200x133.jpg 200w, https:\/\/dev.beltafrajumar.com\/wp-content\/uploads\/2024\/03\/muebles-habitacion-parador-700x465.jpg 700w, https:\/\/dev.beltafrajumar.com\/wp-content\/uploads\/2024\/03\/muebles-habitacion-parador-300x199.jpg 300w, https:\/\/dev.beltafrajumar.com\/wp-content\/uploads\/2024\/03\/muebles-habitacion-parador-768x510.jpg 768w\" sizes=\"(max-width: 889px) 100vw, 889px\" \/><p id=\"caption-attachment-748\" class=\"wp-caption-text\">Fauteuil BLOM dans la chambre de l&rsquo;h\u00f4tel Der Waldhof<\/p><\/div>\n<\/div>\n<\/div>\n<\/div>\n<\/div>\n<\/div>\n<\/section>\n<section class=\"elementor-section elementor-top-section elementor-element elementor-element-4431754 elementor-section-boxed elementor-section-height-default elementor-section-height-default parallax_section_no qode_elementor_container_no\" data-id=\"4431754\" data-element_type=\"section\">\n<div class=\"elementor-container elementor-column-gap-default\">\n<div class=\"elementor-column elementor-col-100 elementor-top-column elementor-element elementor-element-e398b94\" data-id=\"e398b94\" data-element_type=\"column\">\n<div class=\"elementor-widget-wrap elementor-element-populated\">\n<div class=\"elementor-element elementor-element-2587971 elementor-widget elementor-widget-spacer\" data-id=\"2587971\" data-element_type=\"widget\" data-widget_type=\"spacer.default\">\n<div class=\"elementor-widget-container\">\n<div class=\"elementor-spacer\">\n<div class=\"elementor-spacer-inner\"><\/div>\n<\/div>\n<\/div>\n<\/div>\n<div class=\"elementor-element elementor-element-071d594 elementor-widget elementor-widget-heading\" data-id=\"071d594\" data-element_type=\"widget\" data-widget_type=\"heading.default\">\n<div class=\"elementor-widget-container\">\n<h2 class=\"elementor-heading-title elementor-size-default\">Mobilier pour restaurant et caf\u00e9<\/h2>\n<\/div>\n<\/div>\n<\/div>\n<\/div>\n<\/div>\n<\/section>\n<section class=\"elementor-section elementor-top-section elementor-element elementor-element-f08b5ec elementor-section-boxed elementor-section-height-default elementor-section-height-default parallax_section_no qode_elementor_container_no\" data-id=\"f08b5ec\" data-element_type=\"section\">\n<div class=\"elementor-container elementor-column-gap-default\">\n<div class=\"elementor-column elementor-col-100 elementor-top-column elementor-element elementor-element-ba1e73d\" data-id=\"ba1e73d\" data-element_type=\"column\">\n<div class=\"elementor-widget-wrap elementor-element-populated\">\n<div class=\"elementor-element elementor-element-ed48472 elementor-widget elementor-widget-text-editor\" data-id=\"ed48472\" data-element_type=\"widget\" data-widget_type=\"text-editor.default\">\n<div class=\"elementor-widget-container\">\n<p> Les restaurants et caf\u00e9s d&rsquo;un parador sont des espaces tr\u00e8s appr\u00e9ci\u00e9s o\u00f9 les clients souhaitent profiter de l&rsquo;atmosph\u00e8re et de la gastronomie. Les tables, chaises, tabourets et fauteuils doivent \u00eatre r\u00e9sistants et fonctionnels, c&rsquo;est pourquoi il est recommand\u00e9 d&rsquo;utiliser des mat\u00e9riaux tels que du bois massif et des renforts m\u00e9talliques dans les structures pour \u00e9viter la casse et minimiser l&rsquo;usure due \u00e0 la manipulation et \u00e0 l&rsquo;utilisation quotidienne. Le tissu d&rsquo;ameublement doit \u00eatre facile \u00e0 nettoyer et r\u00e9sistant aux chocs, aux rayures, etc.<\/p>\n<p>En fonction de l&rsquo;esth\u00e9tique des locaux, un style plus avant-gardiste ou plus classique sera choisi, mais il sera toujours important de surprendre avec des pi\u00e8ces aux couleurs \u00e9clatantes.<\/p>\n<p>Certains des meubles de base pour d\u00e9corer un restaurant sont : <b>Tables, fauteuils, <a href=\"https:\/\/dev.beltafrajumar.com\/categoria-producto\/mobiliario-contract\/sillas-contract\/\">chaises<\/a>, <a href=\"https:\/\/dev.beltafrajumar.com\/categoria-producto\/mobiliario-contract\/taburetes-contract\/\">tabourets<\/a>, bancs sur mesure, porte-manteaux et <a href=\"https:\/\/dev.beltafrajumar.com\/categoria-producto\/mobiliario-contract\/estanterias-vitrinas-contract\/\">\u00e9tag\u00e8res.<\/a><\/b><\/p>\n<div id=\"attachment_747\" style=\"width: 899px\" class=\"wp-caption aligncenter\"><img loading=\"lazy\" decoding=\"async\" aria-describedby=\"caption-attachment-747\" class=\"wp-image-747 size-full\" src=\"https:\/\/dev.beltafrajumar.com\/wp-content\/uploads\/2024\/03\/mobiliario-butacas-mesas-cafeteria-sincrosfera-denia.jpg\" alt=\"Fauteuils et meubles de table \u00e0 l'H\u00f4tel Sincrosfera Denia\" width=\"889\" height=\"590\" srcset=\"https:\/\/dev.beltafrajumar.com\/wp-content\/uploads\/2024\/03\/mobiliario-butacas-mesas-cafeteria-sincrosfera-denia.jpg 889w, https:\/\/dev.beltafrajumar.com\/wp-content\/uploads\/2024\/03\/mobiliario-butacas-mesas-cafeteria-sincrosfera-denia-200x133.jpg 200w, https:\/\/dev.beltafrajumar.com\/wp-content\/uploads\/2024\/03\/mobiliario-butacas-mesas-cafeteria-sincrosfera-denia-700x465.jpg 700w, https:\/\/dev.beltafrajumar.com\/wp-content\/uploads\/2024\/03\/mobiliario-butacas-mesas-cafeteria-sincrosfera-denia-300x199.jpg 300w, https:\/\/dev.beltafrajumar.com\/wp-content\/uploads\/2024\/03\/mobiliario-butacas-mesas-cafeteria-sincrosfera-denia-768x510.jpg 768w\" sizes=\"(max-width: 889px) 100vw, 889px\" \/><p id=\"caption-attachment-747\" class=\"wp-caption-text\">Fauteuils et meubles de table \u00e0 l&rsquo;H\u00f4tel Sincrosfera Denia<\/p><\/div>\n<\/div>\n<\/div>\n<\/div>\n<\/div>\n<\/div>\n<\/section>\n<section class=\"elementor-section elementor-top-section elementor-element elementor-element-0ad22d1 elementor-section-boxed elementor-section-height-default elementor-section-height-default parallax_section_no qode_elementor_container_no\" data-id=\"0ad22d1\" data-element_type=\"section\">\n<div class=\"elementor-container elementor-column-gap-default\">\n<div class=\"elementor-column elementor-col-100 elementor-top-column elementor-element elementor-element-1941a87\" data-id=\"1941a87\" data-element_type=\"column\">\n<div class=\"elementor-widget-wrap elementor-element-populated\">\n<div class=\"elementor-element elementor-element-45156aa elementor-widget elementor-widget-heading\" data-id=\"45156aa\" data-element_type=\"widget\" data-widget_type=\"heading.default\">\n<div class=\"elementor-widget-container\">\n<h2 class=\"elementor-heading-title elementor-size-default\">Projets de mobilier r\u00e9alis\u00e9s dans des auberges nationales par Belt\u00e1 Frajumar<\/h2>\n<\/div>\n<\/div>\n<\/div>\n<\/div>\n<\/div>\n<\/section>\n<section class=\"elementor-section elementor-top-section elementor-element elementor-element-e07af73 elementor-section-boxed elementor-section-height-default elementor-section-height-default parallax_section_no qode_elementor_container_no\" data-id=\"e07af73\" data-element_type=\"section\">\n<div class=\"elementor-container elementor-column-gap-default\">\n<div class=\"elementor-column elementor-col-100 elementor-top-column elementor-element elementor-element-1179ae9\" data-id=\"1179ae9\" data-element_type=\"column\">\n<div class=\"elementor-widget-wrap elementor-element-populated\">\n<div class=\"elementor-element elementor-element-73efcb9 elementor-widget elementor-widget-text-editor\" data-id=\"73efcb9\" data-element_type=\"widget\" data-widget_type=\"text-editor.default\">\n<div class=\"elementor-widget-container\">\n<p>Certains des projets sous contrat r\u00e9alis\u00e9s par Belt\u00e1 Frajumar dans la fabrication et l&rsquo;\u00e9quipement de meubles en Espagne sont :<\/p>\n<h3><b>PARADOR AIGUABLAVA (GIRONA)<\/b><\/h3>\n<p>Situ\u00e9 sur la falaise de Punta d\u00e9s Must \u00e0 G\u00e9rone, ce parador est connu pour \u00eatre l&rsquo;enclave des artistes venus s&rsquo;inspirer et pour son architecture au bord de la mer et du ciel. <a href=\"https:\/\/dev.beltafrajumar.com\/producto\/mobiliario-contract\/butacas-contract\/tamo-butaca\/\"><strong>Les fauteuils Tamo de Vicente Gallega<\/strong><\/a>, les <strong><a href=\"https:\/\/dev.beltafrajumar.com\/producto\/mobiliario-contract\/mesas-auxiliares-contract\/back-mesa-auxiliar\/\">tables d&rsquo;appoint Back<\/a><\/strong> de <strong>Robert Ortega<\/strong> et les <a href=\"https:\/\/dev.beltafrajumar.com\/producto\/mobiliario-contract\/puffs-contract\/kiro-pouff\/\"><strong>poufs Kiro<\/strong><\/a> sont quelques-unes des pi\u00e8ces que l&rsquo;on peut trouver dans les espaces communs de ce merveilleux parador de la Costa Brava.<\/p>\n<div id=\"attachment_746\" style=\"width: 899px\" class=\"wp-caption aligncenter\"><img loading=\"lazy\" decoding=\"async\" aria-describedby=\"caption-attachment-746\" class=\"wp-image-746 size-full\" src=\"https:\/\/dev.beltafrajumar.com\/wp-content\/uploads\/2024\/03\/butacas-tamo-puffs-kiro-parador-aiguablava-girona.jpg\" alt=\"Fauteuils Tamo et poufs KIRO au parador d'Aiguablava\" width=\"889\" height=\"590\" srcset=\"https:\/\/dev.beltafrajumar.com\/wp-content\/uploads\/2024\/03\/butacas-tamo-puffs-kiro-parador-aiguablava-girona.jpg 889w, https:\/\/dev.beltafrajumar.com\/wp-content\/uploads\/2024\/03\/butacas-tamo-puffs-kiro-parador-aiguablava-girona-200x133.jpg 200w, https:\/\/dev.beltafrajumar.com\/wp-content\/uploads\/2024\/03\/butacas-tamo-puffs-kiro-parador-aiguablava-girona-700x465.jpg 700w, https:\/\/dev.beltafrajumar.com\/wp-content\/uploads\/2024\/03\/butacas-tamo-puffs-kiro-parador-aiguablava-girona-300x199.jpg 300w, https:\/\/dev.beltafrajumar.com\/wp-content\/uploads\/2024\/03\/butacas-tamo-puffs-kiro-parador-aiguablava-girona-768x510.jpg 768w\" sizes=\"(max-width: 889px) 100vw, 889px\" \/><p id=\"caption-attachment-746\" class=\"wp-caption-text\">Fauteuils Tamo et poufs KIRO au parador d&rsquo;Aiguablava<\/p><\/div>\n<\/div>\n<\/div>\n<\/div>\n<\/div>\n<\/div>\n<\/section>\n<section class=\"elementor-section elementor-top-section elementor-element elementor-element-edab972 elementor-section-boxed elementor-section-height-default elementor-section-height-default parallax_section_no qode_elementor_container_no\" data-id=\"edab972\" data-element_type=\"section\">\n<div class=\"elementor-container elementor-column-gap-default\">\n<div class=\"elementor-column elementor-col-100 elementor-top-column elementor-element elementor-element-0afb0f8\" data-id=\"0afb0f8\" data-element_type=\"column\">\n<div class=\"elementor-widget-wrap elementor-element-populated\">\n<div class=\"elementor-element elementor-element-7217447 elementor-widget elementor-widget-spacer\" data-id=\"7217447\" data-element_type=\"widget\" data-widget_type=\"spacer.default\">\n<div class=\"elementor-widget-container\">\n<div class=\"elementor-spacer-inner\"><\/div>\n<\/div>\n<\/div>\n<div class=\"elementor-element elementor-element-bf9b32b elementor-widget elementor-widget-text-editor\" data-id=\"bf9b32b\" data-element_type=\"widget\" data-widget_type=\"text-editor.default\">\n<div class=\"elementor-widget-container\">\n<p><iframe title=\"Butaca Tamo dise\u00f1ada por Vicente Gallega - Belt\u00e1 &amp; Frajumar\" width=\"500\" height=\"281\" src=\"https:\/\/www.youtube.com\/embed\/o1jIUivuGoM?feature=oembed\" frameborder=\"0\" allow=\"accelerometer; autoplay; clipboard-write; encrypted-media; gyroscope; picture-in-picture; web-share\" referrerpolicy=\"strict-origin-when-cross-origin\" allowfullscreen><\/iframe><\/p>\n<h3><b>PARADOR COSTA DA MORTE (MUXIA, GALICE)<\/b><\/h3>\n<p>Situ\u00e9 \u00e0 c\u00f4t\u00e9 de Praia de Lourido et avec une vue impressionnante sur la mer, ce parador \u00e0 l&rsquo;architecture contemporaine vous permet de d\u00e9couvrir un environnement naturel d&rsquo;une grande beaut\u00e9 avec des falaises incroyables, des plages et \u00e0 proximit\u00e9 du Cap Finisterre en Galice. Dans ce projet, des fauteuils <a href=\"https:\/\/dev.beltafrajumar.com\/producto\/mobiliario-contract\/butacas-contract\/delta-butaca-giratoria\/\"><strong>Delta de Javier Herrero<\/strong><\/a> ont \u00e9t\u00e9 fournis dans les chambres, des poufs et des meubles sur mesure.<\/p>\n<div id=\"attachment_753\" style=\"width: 899px\" class=\"wp-caption aligncenter\"><img loading=\"lazy\" decoding=\"async\" aria-describedby=\"caption-attachment-753\" class=\"wp-image-753 size-full\" src=\"https:\/\/dev.beltafrajumar.com\/wp-content\/uploads\/2024\/03\/habitacion-parador-costa-da-morte-galicia-butaca-delta-fabricada-por-belta-frajumar.jpg\" alt=\"Fauteuil Delta dans la chambre du parador Costa Da Morte\" width=\"889\" height=\"590\" srcset=\"https:\/\/dev.beltafrajumar.com\/wp-content\/uploads\/2024\/03\/habitacion-parador-costa-da-morte-galicia-butaca-delta-fabricada-por-belta-frajumar.jpg 889w, https:\/\/dev.beltafrajumar.com\/wp-content\/uploads\/2024\/03\/habitacion-parador-costa-da-morte-galicia-butaca-delta-fabricada-por-belta-frajumar-200x133.jpg 200w, https:\/\/dev.beltafrajumar.com\/wp-content\/uploads\/2024\/03\/habitacion-parador-costa-da-morte-galicia-butaca-delta-fabricada-por-belta-frajumar-700x465.jpg 700w, https:\/\/dev.beltafrajumar.com\/wp-content\/uploads\/2024\/03\/habitacion-parador-costa-da-morte-galicia-butaca-delta-fabricada-por-belta-frajumar-300x199.jpg 300w, https:\/\/dev.beltafrajumar.com\/wp-content\/uploads\/2024\/03\/habitacion-parador-costa-da-morte-galicia-butaca-delta-fabricada-por-belta-frajumar-768x510.jpg 768w\" sizes=\"(max-width: 889px) 100vw, 889px\" \/><p id=\"caption-attachment-753\" class=\"wp-caption-text\">Fauteuil Delta dans la chambre du parador Costa Da Morte<\/p><\/div>\n<\/div>\n<\/div>\n<\/div>\n<\/div>\n<\/div>\n<\/section>\n","protected":false},"excerpt":{"rendered":"<p>Les Paradores sont des h\u00f4tels situ\u00e9s dans des sites embl\u00e9matiques d&rsquo;un grand int\u00e9r\u00eat artistique ou culturel tels que des b\u00e2timents<\/p>\n","protected":false},"author":2,"featured_media":11551,"comment_status":"closed","ping_status":"open","sticky":false,"template":"","format":"standard","meta":{"_acf_changed":false,"footnotes":""},"categories":[1752,1718,1751,1753,1713],"tags":[1754,1756,1758,1755,1757,1759],"class_list":["post-25341","post","type-post","status-publish","format-standard","has-post-thumbnail","hentry","category-conception","category-conseils","category-contract-fr","category-design-dinterieur","category-qualite","tag-belta-frajumar-fr","tag-conception","tag-hotels-fr","tag-meubles","tag-paradores-fr","tag-tourisme"],"acf":[],"yoast_head":"<!-- This site is optimized with the Yoast SEO Premium plugin v24.2 (Yoast SEO v25.3.1) - https:\/\/yoast.com\/wordpress\/plugins\/seo\/ -->\n<title>Meubles pour auberges et h\u00f4tels. Tout ce que tu as besoin de savoir | Belt\u00e1 Frajumar<\/title>\n<meta name=\"description\" content=\"Paradores et h\u00f4tels en Espagne avec des meubles exclusifs au design intemporel de Belt\u00e1 Frajumar. Un guide de d\u00e9coration des h\u00e9bergements touristiques.\" \/>\n<meta name=\"robots\" content=\"noindex, follow, max-snippet:-1, max-image-preview:large, max-video-preview:-1\" \/>\n<meta property=\"og:locale\" content=\"fr_FR\" \/>\n<meta property=\"og:type\" content=\"article\" \/>\n<meta property=\"og:title\" content=\"Meubles pour auberges et h\u00f4tels. Tout ce que tu as besoin de savoir\" \/>\n<meta property=\"og:description\" content=\"Paradores et h\u00f4tels en Espagne avec des meubles exclusifs au design intemporel de Belt\u00e1 Frajumar. Un guide de d\u00e9coration des h\u00e9bergements touristiques.\" \/>\n<meta property=\"og:url\" content=\"https:\/\/dev.beltafrajumar.com\/fr\/meubles-pour-auberges-et-hotels-tout-ce-que-tu-as-besoin-de-savoir\/\" \/>\n<meta property=\"og:site_name\" content=\"Belt\u00e1 Frajumar\" \/>\n<meta property=\"article:published_time\" content=\"2023-03-28T09:36:58+00:00\" \/>\n<meta property=\"og:image\" content=\"https:\/\/dev.beltafrajumar.com\/wp-content\/uploads\/2023\/03\/parador-1.jpg\" \/>\n\t<meta property=\"og:image:width\" content=\"1024\" \/>\n\t<meta property=\"og:image:height\" content=\"768\" \/>\n\t<meta property=\"og:image:type\" content=\"image\/jpeg\" \/>\n<meta name=\"author\" content=\"Frajumar\" \/>\n<meta name=\"twitter:card\" content=\"summary_large_image\" \/>\n<meta name=\"twitter:label1\" content=\"\u00c9crit par\" \/>\n\t<meta name=\"twitter:data1\" content=\"Frajumar\" \/>\n\t<meta name=\"twitter:label2\" content=\"Dur\u00e9e de lecture estim\u00e9e\" \/>\n\t<meta name=\"twitter:data2\" content=\"8 minutes\" \/>\n<script type=\"application\/ld+json\" class=\"yoast-schema-graph\">{\"@context\":\"https:\/\/schema.org\",\"@graph\":[{\"@type\":\"Article\",\"@id\":\"https:\/\/dev.beltafrajumar.com\/fr\/meubles-pour-auberges-et-hotels-tout-ce-que-tu-as-besoin-de-savoir\/#article\",\"isPartOf\":{\"@id\":\"https:\/\/dev.beltafrajumar.com\/fr\/meubles-pour-auberges-et-hotels-tout-ce-que-tu-as-besoin-de-savoir\/\"},\"author\":{\"name\":\"Frajumar\",\"@id\":\"https:\/\/dev.beltafrajumar.com\/fr\/#\/schema\/person\/421d043189311f3d2c0c72ccea989108\"},\"headline\":\"Meubles pour auberges et h\u00f4tels. Tout ce que tu as besoin de savoir\",\"datePublished\":\"2023-03-28T09:36:58+00:00\",\"mainEntityOfPage\":{\"@id\":\"https:\/\/dev.beltafrajumar.com\/fr\/meubles-pour-auberges-et-hotels-tout-ce-que-tu-as-besoin-de-savoir\/\"},\"wordCount\":1551,\"publisher\":{\"@id\":\"https:\/\/dev.beltafrajumar.com\/fr\/#organization\"},\"image\":{\"@id\":\"https:\/\/dev.beltafrajumar.com\/fr\/meubles-pour-auberges-et-hotels-tout-ce-que-tu-as-besoin-de-savoir\/#primaryimage\"},\"thumbnailUrl\":\"https:\/\/dev.beltafrajumar.com\/wp-content\/uploads\/2023\/03\/parador-1.jpg\",\"keywords\":[\"Belt\u00e1 Frajumar\",\"Conception\",\"H\u00f4tels\",\"meubles\",\"Paradores\",\"Tourisme\"],\"articleSection\":[\"Conception\",\"Conseils\",\"Contract\",\"Design d'int\u00e9rieur\",\"Qualit\u00e9\"],\"inLanguage\":\"fr-FR\"},{\"@type\":\"WebPage\",\"@id\":\"https:\/\/dev.beltafrajumar.com\/fr\/meubles-pour-auberges-et-hotels-tout-ce-que-tu-as-besoin-de-savoir\/\",\"url\":\"https:\/\/dev.beltafrajumar.com\/fr\/meubles-pour-auberges-et-hotels-tout-ce-que-tu-as-besoin-de-savoir\/\",\"name\":\"Meubles pour auberges et h\u00f4tels. Tout ce que tu as besoin de savoir | Belt\u00e1 Frajumar\",\"isPartOf\":{\"@id\":\"https:\/\/dev.beltafrajumar.com\/fr\/#website\"},\"primaryImageOfPage\":{\"@id\":\"https:\/\/dev.beltafrajumar.com\/fr\/meubles-pour-auberges-et-hotels-tout-ce-que-tu-as-besoin-de-savoir\/#primaryimage\"},\"image\":{\"@id\":\"https:\/\/dev.beltafrajumar.com\/fr\/meubles-pour-auberges-et-hotels-tout-ce-que-tu-as-besoin-de-savoir\/#primaryimage\"},\"thumbnailUrl\":\"https:\/\/dev.beltafrajumar.com\/wp-content\/uploads\/2023\/03\/parador-1.jpg\",\"datePublished\":\"2023-03-28T09:36:58+00:00\",\"description\":\"Paradores et h\u00f4tels en Espagne avec des meubles exclusifs au design intemporel de Belt\u00e1 Frajumar. Un guide de d\u00e9coration des h\u00e9bergements touristiques.\",\"breadcrumb\":{\"@id\":\"https:\/\/dev.beltafrajumar.com\/fr\/meubles-pour-auberges-et-hotels-tout-ce-que-tu-as-besoin-de-savoir\/#breadcrumb\"},\"inLanguage\":\"fr-FR\",\"potentialAction\":[{\"@type\":\"ReadAction\",\"target\":[\"https:\/\/dev.beltafrajumar.com\/fr\/meubles-pour-auberges-et-hotels-tout-ce-que-tu-as-besoin-de-savoir\/\"]}]},{\"@type\":\"ImageObject\",\"inLanguage\":\"fr-FR\",\"@id\":\"https:\/\/dev.beltafrajumar.com\/fr\/meubles-pour-auberges-et-hotels-tout-ce-que-tu-as-besoin-de-savoir\/#primaryimage\",\"url\":\"https:\/\/dev.beltafrajumar.com\/wp-content\/uploads\/2023\/03\/parador-1.jpg\",\"contentUrl\":\"https:\/\/dev.beltafrajumar.com\/wp-content\/uploads\/2023\/03\/parador-1.jpg\",\"width\":1024,\"height\":768},{\"@type\":\"BreadcrumbList\",\"@id\":\"https:\/\/dev.beltafrajumar.com\/fr\/meubles-pour-auberges-et-hotels-tout-ce-que-tu-as-besoin-de-savoir\/#breadcrumb\",\"itemListElement\":[{\"@type\":\"ListItem\",\"position\":1,\"name\":\"Portada\",\"item\":\"https:\/\/dev.beltafrajumar.com\/fr\/\"},{\"@type\":\"ListItem\",\"position\":2,\"name\":\"Meubles pour auberges et h\u00f4tels. Tout ce que tu as besoin de savoir\"}]},{\"@type\":\"WebSite\",\"@id\":\"https:\/\/dev.beltafrajumar.com\/fr\/#website\",\"url\":\"https:\/\/dev.beltafrajumar.com\/fr\/\",\"name\":\"Belt\u00e1 Frajumar\",\"description\":\"Calidad, Dise\u00f1o y Decoraci\u00f3n de Interiores en Mobiliario Hospitality y Living\",\"publisher\":{\"@id\":\"https:\/\/dev.beltafrajumar.com\/fr\/#organization\"},\"alternateName\":\"Fabricante de mobiliario Hospitality y Living\",\"potentialAction\":[{\"@type\":\"SearchAction\",\"target\":{\"@type\":\"EntryPoint\",\"urlTemplate\":\"https:\/\/dev.beltafrajumar.com\/fr\/?s={search_term_string}\"},\"query-input\":{\"@type\":\"PropertyValueSpecification\",\"valueRequired\":true,\"valueName\":\"search_term_string\"}}],\"inLanguage\":\"fr-FR\"},{\"@type\":\"Organization\",\"@id\":\"https:\/\/dev.beltafrajumar.com\/fr\/#organization\",\"name\":\"Belt\u00e1 Frajumar\",\"alternateName\":\"Fabricant de meubles exclusif Belt\u00e1 Frajumar\",\"url\":\"https:\/\/dev.beltafrajumar.com\/fr\/\",\"logo\":{\"@type\":\"ImageObject\",\"inLanguage\":\"fr-FR\",\"@id\":\"https:\/\/dev.beltafrajumar.com\/fr\/#\/schema\/logo\/image\/\",\"url\":\"https:\/\/dev.beltafrajumar.com\/wp-content\/uploads\/2024\/10\/Logotipo-Belta-Frajumar-patrocinador-de-InterCIDEC-1.jpg\",\"contentUrl\":\"https:\/\/dev.beltafrajumar.com\/wp-content\/uploads\/2024\/10\/Logotipo-Belta-Frajumar-patrocinador-de-InterCIDEC-1.jpg\",\"width\":1080,\"height\":1080,\"caption\":\"Belt\u00e1 Frajumar\"},\"image\":{\"@id\":\"https:\/\/dev.beltafrajumar.com\/fr\/#\/schema\/logo\/image\/\"}},{\"@type\":\"Person\",\"@id\":\"https:\/\/dev.beltafrajumar.com\/fr\/#\/schema\/person\/421d043189311f3d2c0c72ccea989108\",\"name\":\"Frajumar\",\"image\":{\"@type\":\"ImageObject\",\"inLanguage\":\"fr-FR\",\"@id\":\"https:\/\/dev.beltafrajumar.com\/fr\/#\/schema\/person\/image\/\",\"url\":\"https:\/\/secure.gravatar.com\/avatar\/2c739ae241cce6f51e9047bfcdbe824c6669b00ad3468a0948b06a35bef2e280?s=96&d=mm&r=g\",\"contentUrl\":\"https:\/\/secure.gravatar.com\/avatar\/2c739ae241cce6f51e9047bfcdbe824c6669b00ad3468a0948b06a35bef2e280?s=96&d=mm&r=g\",\"caption\":\"Frajumar\"}}]}<\/script>\n<!-- \/ Yoast SEO Premium plugin. -->","yoast_head_json":{"title":"Meubles pour auberges et h\u00f4tels. Tout ce que tu as besoin de savoir | Belt\u00e1 Frajumar","description":"Paradores et h\u00f4tels en Espagne avec des meubles exclusifs au design intemporel de Belt\u00e1 Frajumar. Un guide de d\u00e9coration des h\u00e9bergements touristiques.","robots":{"index":"noindex","follow":"follow","max-snippet":"max-snippet:-1","max-image-preview":"max-image-preview:large","max-video-preview":"max-video-preview:-1"},"og_locale":"fr_FR","og_type":"article","og_title":"Meubles pour auberges et h\u00f4tels. Tout ce que tu as besoin de savoir","og_description":"Paradores et h\u00f4tels en Espagne avec des meubles exclusifs au design intemporel de Belt\u00e1 Frajumar. Un guide de d\u00e9coration des h\u00e9bergements touristiques.","og_url":"https:\/\/dev.beltafrajumar.com\/fr\/meubles-pour-auberges-et-hotels-tout-ce-que-tu-as-besoin-de-savoir\/","og_site_name":"Belt\u00e1 Frajumar","article_published_time":"2023-03-28T09:36:58+00:00","og_image":[{"width":1024,"height":768,"url":"https:\/\/dev.beltafrajumar.com\/wp-content\/uploads\/2023\/03\/parador-1.jpg","type":"image\/jpeg"}],"author":"Frajumar","twitter_card":"summary_large_image","twitter_misc":{"\u00c9crit par":"Frajumar","Dur\u00e9e de lecture estim\u00e9e":"8 minutes"},"schema":{"@context":"https:\/\/schema.org","@graph":[{"@type":"Article","@id":"https:\/\/dev.beltafrajumar.com\/fr\/meubles-pour-auberges-et-hotels-tout-ce-que-tu-as-besoin-de-savoir\/#article","isPartOf":{"@id":"https:\/\/dev.beltafrajumar.com\/fr\/meubles-pour-auberges-et-hotels-tout-ce-que-tu-as-besoin-de-savoir\/"},"author":{"name":"Frajumar","@id":"https:\/\/dev.beltafrajumar.com\/fr\/#\/schema\/person\/421d043189311f3d2c0c72ccea989108"},"headline":"Meubles pour auberges et h\u00f4tels. Tout ce que tu as besoin de savoir","datePublished":"2023-03-28T09:36:58+00:00","mainEntityOfPage":{"@id":"https:\/\/dev.beltafrajumar.com\/fr\/meubles-pour-auberges-et-hotels-tout-ce-que-tu-as-besoin-de-savoir\/"},"wordCount":1551,"publisher":{"@id":"https:\/\/dev.beltafrajumar.com\/fr\/#organization"},"image":{"@id":"https:\/\/dev.beltafrajumar.com\/fr\/meubles-pour-auberges-et-hotels-tout-ce-que-tu-as-besoin-de-savoir\/#primaryimage"},"thumbnailUrl":"https:\/\/dev.beltafrajumar.com\/wp-content\/uploads\/2023\/03\/parador-1.jpg","keywords":["Belt\u00e1 Frajumar","Conception","H\u00f4tels","meubles","Paradores","Tourisme"],"articleSection":["Conception","Conseils","Contract","Design d'int\u00e9rieur","Qualit\u00e9"],"inLanguage":"fr-FR"},{"@type":"WebPage","@id":"https:\/\/dev.beltafrajumar.com\/fr\/meubles-pour-auberges-et-hotels-tout-ce-que-tu-as-besoin-de-savoir\/","url":"https:\/\/dev.beltafrajumar.com\/fr\/meubles-pour-auberges-et-hotels-tout-ce-que-tu-as-besoin-de-savoir\/","name":"Meubles pour auberges et h\u00f4tels. Tout ce que tu as besoin de savoir | Belt\u00e1 Frajumar","isPartOf":{"@id":"https:\/\/dev.beltafrajumar.com\/fr\/#website"},"primaryImageOfPage":{"@id":"https:\/\/dev.beltafrajumar.com\/fr\/meubles-pour-auberges-et-hotels-tout-ce-que-tu-as-besoin-de-savoir\/#primaryimage"},"image":{"@id":"https:\/\/dev.beltafrajumar.com\/fr\/meubles-pour-auberges-et-hotels-tout-ce-que-tu-as-besoin-de-savoir\/#primaryimage"},"thumbnailUrl":"https:\/\/dev.beltafrajumar.com\/wp-content\/uploads\/2023\/03\/parador-1.jpg","datePublished":"2023-03-28T09:36:58+00:00","description":"Paradores et h\u00f4tels en Espagne avec des meubles exclusifs au design intemporel de Belt\u00e1 Frajumar. Un guide de d\u00e9coration des h\u00e9bergements touristiques.","breadcrumb":{"@id":"https:\/\/dev.beltafrajumar.com\/fr\/meubles-pour-auberges-et-hotels-tout-ce-que-tu-as-besoin-de-savoir\/#breadcrumb"},"inLanguage":"fr-FR","potentialAction":[{"@type":"ReadAction","target":["https:\/\/dev.beltafrajumar.com\/fr\/meubles-pour-auberges-et-hotels-tout-ce-que-tu-as-besoin-de-savoir\/"]}]},{"@type":"ImageObject","inLanguage":"fr-FR","@id":"https:\/\/dev.beltafrajumar.com\/fr\/meubles-pour-auberges-et-hotels-tout-ce-que-tu-as-besoin-de-savoir\/#primaryimage","url":"https:\/\/dev.beltafrajumar.com\/wp-content\/uploads\/2023\/03\/parador-1.jpg","contentUrl":"https:\/\/dev.beltafrajumar.com\/wp-content\/uploads\/2023\/03\/parador-1.jpg","width":1024,"height":768},{"@type":"BreadcrumbList","@id":"https:\/\/dev.beltafrajumar.com\/fr\/meubles-pour-auberges-et-hotels-tout-ce-que-tu-as-besoin-de-savoir\/#breadcrumb","itemListElement":[{"@type":"ListItem","position":1,"name":"Portada","item":"https:\/\/dev.beltafrajumar.com\/fr\/"},{"@type":"ListItem","position":2,"name":"Meubles pour auberges et h\u00f4tels. Tout ce que tu as besoin de savoir"}]},{"@type":"WebSite","@id":"https:\/\/dev.beltafrajumar.com\/fr\/#website","url":"https:\/\/dev.beltafrajumar.com\/fr\/","name":"Belt\u00e1 Frajumar","description":"Calidad, Dise\u00f1o y Decoraci\u00f3n de Interiores en Mobiliario Hospitality y Living","publisher":{"@id":"https:\/\/dev.beltafrajumar.com\/fr\/#organization"},"alternateName":"Fabricante de mobiliario Hospitality y Living","potentialAction":[{"@type":"SearchAction","target":{"@type":"EntryPoint","urlTemplate":"https:\/\/dev.beltafrajumar.com\/fr\/?s={search_term_string}"},"query-input":{"@type":"PropertyValueSpecification","valueRequired":true,"valueName":"search_term_string"}}],"inLanguage":"fr-FR"},{"@type":"Organization","@id":"https:\/\/dev.beltafrajumar.com\/fr\/#organization","name":"Belt\u00e1 Frajumar","alternateName":"Fabricant de meubles exclusif Belt\u00e1 Frajumar","url":"https:\/\/dev.beltafrajumar.com\/fr\/","logo":{"@type":"ImageObject","inLanguage":"fr-FR","@id":"https:\/\/dev.beltafrajumar.com\/fr\/#\/schema\/logo\/image\/","url":"https:\/\/dev.beltafrajumar.com\/wp-content\/uploads\/2024\/10\/Logotipo-Belta-Frajumar-patrocinador-de-InterCIDEC-1.jpg","contentUrl":"https:\/\/dev.beltafrajumar.com\/wp-content\/uploads\/2024\/10\/Logotipo-Belta-Frajumar-patrocinador-de-InterCIDEC-1.jpg","width":1080,"height":1080,"caption":"Belt\u00e1 Frajumar"},"image":{"@id":"https:\/\/dev.beltafrajumar.com\/fr\/#\/schema\/logo\/image\/"}},{"@type":"Person","@id":"https:\/\/dev.beltafrajumar.com\/fr\/#\/schema\/person\/421d043189311f3d2c0c72ccea989108","name":"Frajumar","image":{"@type":"ImageObject","inLanguage":"fr-FR","@id":"https:\/\/dev.beltafrajumar.com\/fr\/#\/schema\/person\/image\/","url":"https:\/\/secure.gravatar.com\/avatar\/2c739ae241cce6f51e9047bfcdbe824c6669b00ad3468a0948b06a35bef2e280?s=96&d=mm&r=g","contentUrl":"https:\/\/secure.gravatar.com\/avatar\/2c739ae241cce6f51e9047bfcdbe824c6669b00ad3468a0948b06a35bef2e280?s=96&d=mm&r=g","caption":"Frajumar"}}]}},"_links":{"self":[{"href":"https:\/\/dev.beltafrajumar.com\/fr\/wp-json\/wp\/v2\/posts\/25341","targetHints":{"allow":["GET"]}}],"collection":[{"href":"https:\/\/dev.beltafrajumar.com\/fr\/wp-json\/wp\/v2\/posts"}],"about":[{"href":"https:\/\/dev.beltafrajumar.com\/fr\/wp-json\/wp\/v2\/types\/post"}],"author":[{"embeddable":true,"href":"https:\/\/dev.beltafrajumar.com\/fr\/wp-json\/wp\/v2\/users\/2"}],"replies":[{"embeddable":true,"href":"https:\/\/dev.beltafrajumar.com\/fr\/wp-json\/wp\/v2\/comments?post=25341"}],"version-history":[{"count":0,"href":"https:\/\/dev.beltafrajumar.com\/fr\/wp-json\/wp\/v2\/posts\/25341\/revisions"}],"wp:featuredmedia":[{"embeddable":true,"href":"https:\/\/dev.beltafrajumar.com\/fr\/wp-json\/wp\/v2\/media\/11551"}],"wp:attachment":[{"href":"https:\/\/dev.beltafrajumar.com\/fr\/wp-json\/wp\/v2\/media?parent=25341"}],"wp:term":[{"taxonomy":"category","embeddable":true,"href":"https:\/\/dev.beltafrajumar.com\/fr\/wp-json\/wp\/v2\/categories?post=25341"},{"taxonomy":"post_tag","embeddable":true,"href":"https:\/\/dev.beltafrajumar.com\/fr\/wp-json\/wp\/v2\/tags?post=25341"}],"curies":[{"name":"wp","href":"https:\/\/api.w.org\/{rel}","templated":true}]}}